{"id":12091,"date":"2025-05-05T17:15:48","date_gmt":"2025-05-05T20:15:48","guid":{"rendered":"https:\/\/www.santaritadopassaquatro.sp.gov.br\/portal\/?p=12091"},"modified":"2025-05-20T17:16:49","modified_gmt":"2025-05-20T20:16:49","slug":"%f0%9f%a6%8b%f0%9f%8c%b1-educacao-ambiental-desde-cedo-%f0%9f%8c%b1%f0%9f%a6%8b","status":"publish","type":"post","link":"https:\/\/www.santaritadopassaquatro.sp.gov.br\/portal\/%f0%9f%a6%8b%f0%9f%8c%b1-educacao-ambiental-desde-cedo-%f0%9f%8c%b1%f0%9f%a6%8b\/","title":{"rendered":"\ud83e\udd8b\ud83c\udf31 EDUCA\u00c7\u00c3O AMBIENTAL DESDE CEDO! \ud83c\udf31\ud83e\udd8b"},"content":{"rendered":"\n<p>Nos dias 22 e 23 de abril de 2025, e no dia 05 de maio de 2025, o Departamento de Agricultura e Meio Ambiente (DAMA) da Prefeitura Municipal de Santa Rita do Passa Quatro promoveu aulas especiais sobre biodiversidade para as crian\u00e7as do Jardim II da EMEI Maria Am\u00e9lia Vanzella de Gobbi!<br>De forma l\u00fadica e interativa, os pequenos aprenderam sobre a import\u00e2ncia da nossa fauna e flora, descobriram curiosidades sobre os animais e as plantas da nossa regi\u00e3o e entenderam como todos n\u00f3s podemos cuidar da natureza.<br>\ud83d\udc67\ud83e\uddd2 Educa\u00e7\u00e3o ambiental na inf\u00e2ncia \u00e9 a semente que garante um futuro mais verde e consciente! Parab\u00e9ns a todos os envolvidos nessa linda iniciativa! \ud83c\udf0e\ud83d\udc9a<\/p>\n\n\n\n<figure class=\"wp-block-gallery has-nested-images columns-default is-cropped wp-block-gallery-1 is-layout-flex wp-block-gallery-is-layout-flex\">\n<figure class=\"wp-block-image size-large\"><img decoding=\"async\" width=\"1279\" height=\"1600\" data-id=\"12094\" src=\"https:\/\/www.santaritadopassaquatro.sp.gov.br\/portal\/wp-content\/uploads\/2025\/05\/36b5e886-d42e-4159-96cc-9311decc168e.jpg\" alt=\"\" class=\"wp-image-12094\"\/><\/figure>\n\n\n\n<figure class=\"wp-block-image size-large\"><img decoding=\"async\" width=\"1279\" height=\"1600\" data-id=\"12093\" src=\"https:\/\/www.santaritadopassaquatro.sp.gov.br\/portal\/wp-content\/uploads\/2025\/05\/c8885b44-3ad2-4724-817d-c2c7566652d6.jpg\" alt=\"\" class=\"wp-image-12093\"\/><\/figure>\n<\/figure>\n","protected":false},"excerpt":{"rendered":"<p>Nos dias 22 e 23 de abril de 2025, e no dia 05 de maio de 2025, o Departamento de<\/p>\n","protected":false},"author":1,"featured_media":12092,"comment_status":"closed","ping_status":"open","sticky":false,"template":"","format":"standard","meta":{"footnotes":""},"categories":[53],"tags":[],"class_list":["post-12091","post","type-post","status-publish","format-standard","has-post-thumbnail","hentry","category-meio-ambiente"],"_links":{"self":[{"href":"https:\/\/www.santaritadopassaquatro.sp.gov.br\/portal\/wp-json\/wp\/v2\/posts\/12091","targetHints":{"allow":["GET"]}}],"collection":[{"href":"https:\/\/www.santaritadopassaquatro.sp.gov.br\/portal\/wp-json\/wp\/v2\/posts"}],"about":[{"href":"https:\/\/www.santaritadopassaquatro.sp.gov.br\/portal\/wp-json\/wp\/v2\/types\/post"}],"author":[{"embeddable":true,"href":"https:\/\/www.santaritadopassaquatro.sp.gov.br\/portal\/wp-json\/wp\/v2\/users\/1"}],"replies":[{"embeddable":true,"href":"https:\/\/www.santaritadopassaquatro.sp.gov.br\/portal\/wp-json\/wp\/v2\/comments?post=12091"}],"version-history":[{"count":1,"href":"https:\/\/www.santaritadopassaquatro.sp.gov.br\/portal\/wp-json\/wp\/v2\/posts\/12091\/revisions"}],"predecessor-version":[{"id":12095,"href":"https:\/\/www.santaritadopassaquatro.sp.gov.br\/portal\/wp-json\/wp\/v2\/posts\/12091\/revisions\/12095"}],"wp:featuredmedia":[{"embeddable":true,"href":"https:\/\/www.santaritadopassaquatro.sp.gov.br\/portal\/wp-json\/wp\/v2\/media\/12092"}],"wp:attachment":[{"href":"https:\/\/www.santaritadopassaquatro.sp.gov.br\/portal\/wp-json\/wp\/v2\/media?parent=12091"}],"wp:term":[{"taxonomy":"category","embeddable":true,"href":"https:\/\/www.santaritadopassaquatro.sp.gov.br\/portal\/wp-json\/wp\/v2\/categories?post=12091"},{"taxonomy":"post_tag","embeddable":true,"href":"https:\/\/www.santaritadopassaquatro.sp.gov.br\/portal\/wp-json\/wp\/v2\/tags?post=12091"}],"curies":[{"name":"wp","href":"https:\/\/api.w.org\/{rel}","templated":true}]}}