{"id":1210,"date":"2019-04-12T15:09:24","date_gmt":"2019-04-12T18:09:24","guid":{"rendered":"http:\/\/www.santaritadopassaquatro.sp.gov.br\/portal\/?p=1210"},"modified":"2019-04-12T15:09:24","modified_gmt":"2019-04-12T18:09:24","slug":"no-guaruja-prefeito-preside-2o-reuniao-ordinaria-da-aprecesp-com-boas-noticias","status":"publish","type":"post","link":"https:\/\/www.santaritadopassaquatro.sp.gov.br\/portal\/no-guaruja-prefeito-preside-2o-reuniao-ordinaria-da-aprecesp-com-boas-noticias\/","title":{"rendered":"No Guaruj\u00e1, prefeito preside 2\u00ba Reuni\u00e3o Ordin\u00e1ria da Aprecesp com boas not\u00edcias"},"content":{"rendered":"<p><strong><em>Estado reconhece passivo de mais R$ 500 milh\u00f5es e associa\u00e7\u00e3o cobra agilidade na libera\u00e7\u00e3o de recursos para o turismo<\/em><\/strong><\/p>\n<p>&nbsp;<\/p>\n<figure id=\"attachment_1212\" aria-describedby=\"caption-attachment-1212\" style=\"width: 260px\" class=\"wp-caption alignleft\"><img decoding=\"async\" class=\"wp-image-1212 size-medium\" src=\"http:\/\/www.santaritadopassaquatro.sp.gov.br\/portal\/wp-content\/uploads\/2019\/04\/Prefeito_reuniao_aprecesp_guaruja-260x300.jpg\" alt=\"\" width=\"260\" height=\"300\" srcset=\"https:\/\/www.santaritadopassaquatro.sp.gov.br\/portal\/wp-content\/uploads\/2019\/04\/Prefeito_reuniao_aprecesp_guaruja-260x300.jpg 260w, https:\/\/www.santaritadopassaquatro.sp.gov.br\/portal\/wp-content\/uploads\/2019\/04\/Prefeito_reuniao_aprecesp_guaruja-768x887.jpg 768w, https:\/\/www.santaritadopassaquatro.sp.gov.br\/portal\/wp-content\/uploads\/2019\/04\/Prefeito_reuniao_aprecesp_guaruja-886x1024.jpg 886w\" sizes=\"(max-width: 260px) 100vw, 260px\" \/><figcaption id=\"caption-attachment-1212\" class=\"wp-caption-text\"><span style=\"font-size: 8pt; color: #999999;\"><em><strong>O prefeito de Santa Rita e presidente da Aprecesp na abertura dos trabalhos no Guaruj\u00e1 (Divulga\u00e7\u00e3o)<\/strong><\/em><\/span><\/figcaption><\/figure>\n<p>O prefeito de Santa Rita do Passa Quatro, Leandro Luciano dos Santos, presidiu a 2\u00aa Reuni\u00e3o Ordin\u00e1ria da Associa\u00e7\u00e3o das Prefeituras das Cidades Est\u00e2ncias do Estado de S\u00e3o Paulo (Aprecesp). O encontro aconteceu no \u00faltimo fim de semana, no Casa Grande Hotel Resort &amp; Spa, no Gauruj\u00e1, est\u00e2ncia do litoral paulista. A reuni\u00e3o contou com a presen\u00e7a de 30 prefeitos e tr\u00eas vice-prefeitos, totalizando 42 est\u00e2ncias paulistas representadas. Tamb\u00e9m prestigiaram o evento os deputados federais Rosana Valle, Geninho Zuliani, Herculano Passos, J\u00fanior Bozzella e o estadual Caio Fran\u00e7a.<\/p>\n<p>Representando o secret\u00e1rio Vinicius Lummertz e o governador Jo\u00e3o D\u00f3ria, o secret\u00e1rio executivo da Secretaria de Turismo (Setur-SP), Marcelo Costa, apresentou a atual situa\u00e7\u00e3o dos conv\u00eanios entre as Est\u00e2ncias e o Dadetur (Departamento de Apoio ao Desenvolvimento dos Munic\u00edpios Tur\u00edsticos) e falou sobre o impacto do passivo deixado pelo governo anterior no or\u00e7amento da Secretaria.<\/p>\n<figure id=\"attachment_1213\" aria-describedby=\"caption-attachment-1213\" style=\"width: 300px\" class=\"wp-caption alignright\"><img decoding=\"async\" class=\"wp-image-1213 size-medium\" src=\"http:\/\/www.santaritadopassaquatro.sp.gov.br\/portal\/wp-content\/uploads\/2019\/04\/Prefeito_reuniao_aprecesp_guaruja01-300x225.jpg\" alt=\"\" width=\"300\" height=\"225\" srcset=\"https:\/\/www.santaritadopassaquatro.sp.gov.br\/portal\/wp-content\/uploads\/2019\/04\/Prefeito_reuniao_aprecesp_guaruja01-300x225.jpg 300w, https:\/\/www.santaritadopassaquatro.sp.gov.br\/portal\/wp-content\/uploads\/2019\/04\/Prefeito_reuniao_aprecesp_guaruja01-768x576.jpg 768w, https:\/\/www.santaritadopassaquatro.sp.gov.br\/portal\/wp-content\/uploads\/2019\/04\/Prefeito_reuniao_aprecesp_guaruja01-1024x768.jpg 1024w\" sizes=\"(max-width: 300px) 100vw, 300px\" \/><figcaption id=\"caption-attachment-1213\" class=\"wp-caption-text\"><span style=\"font-size: 8pt;\"><em><strong><span style=\"color: #999999;\">No centro da mesa, o prefeito ao lado do secret\u00e1rio executivo da Setur-SP durante a 2\u00ba Reuni\u00e3o Ordin\u00e1ria da Aprecesp (Divulga\u00e7\u00e3o)<\/span><\/strong><\/em><\/span><\/figcaption><\/figure>\n<p>Costa apresentou sete linhas de a\u00e7\u00e3o da Pasta para os pr\u00f3ximos meses: voltar a empenhar os valores de obras em andamento, do per\u00edodo de 2011 a 2017; processar normalmente os pagamentos dos conv\u00eanios do 1\u00ba semestre de 2018; reavaliar os projetos de 2018 que foram cancelados e solicitar a antecipa\u00e7\u00e3o de cota; analisar os projetos novos j\u00e1 recebidos e celebrar novos conv\u00eanios; rever os conv\u00eanios assinados entre 2011 e 2017, cancelando os com mais de 5 anos sem realiza\u00e7\u00f5es; articular o fim do contigenciamento de 46% do Or\u00e7amento 2019 &#8212; o or\u00e7amento total do Dadetur, em 2019, \u00e9 de R$ 448 milh\u00f5es e com o contingenciamento ficou em R$ 242 milh\u00f5es &#8211;, e articular a obten\u00e7\u00e3o de recursos adicionais para cobrir o passivo de R$ 316 milh\u00f5es em 2019.<\/p>\n<p>&nbsp;<\/p>\n<p><strong>NOVOS INVESTIMENTOS <\/strong><\/p>\n<p>A Setur-SP anunciou que j\u00e1 conseguiu a libera\u00e7\u00e3o de R$ 40 milh\u00f5es em cotas e trabalha pela libera\u00e7\u00e3o de mais R$ 10 milh\u00f5es nos pr\u00f3ximos dias, para conv\u00eanios com o Dadetur em obras de infraestrutura tur\u00edstica. Recentemente, a pr\u00f3pria secretaria anunciou que o Governo do Estado de investir R$ 360 milh\u00f5es nas 70 est\u00e2ncias paulistas.<\/p>\n<figure id=\"attachment_1211\" aria-describedby=\"caption-attachment-1211\" style=\"width: 300px\" class=\"wp-caption alignleft\"><img decoding=\"async\" class=\"wp-image-1211 size-medium\" src=\"http:\/\/www.santaritadopassaquatro.sp.gov.br\/portal\/wp-content\/uploads\/2019\/04\/Prefeito_reuniao_aprecesp_guaruja03-300x136.jpg\" alt=\"\" width=\"300\" height=\"136\" srcset=\"https:\/\/www.santaritadopassaquatro.sp.gov.br\/portal\/wp-content\/uploads\/2019\/04\/Prefeito_reuniao_aprecesp_guaruja03-300x136.jpg 300w, https:\/\/www.santaritadopassaquatro.sp.gov.br\/portal\/wp-content\/uploads\/2019\/04\/Prefeito_reuniao_aprecesp_guaruja03-768x348.jpg 768w, https:\/\/www.santaritadopassaquatro.sp.gov.br\/portal\/wp-content\/uploads\/2019\/04\/Prefeito_reuniao_aprecesp_guaruja03-1024x464.jpg 1024w\" sizes=\"(max-width: 300px) 100vw, 300px\" \/><figcaption id=\"caption-attachment-1211\" class=\"wp-caption-text\"><span style=\"font-size: 8pt; color: #999999;\"><em><strong>Prefeitos, representantes das est\u00e2ncias paulistas e demais participantes no evento (Divulga\u00e7\u00e3o)<\/strong><\/em><\/span><\/figcaption><\/figure>\n<p><strong>AGILIDADE NOS REPASSES<\/strong><\/p>\n<p>Durante a reuni\u00e3o, diversos prefeitos refor\u00e7aram a situa\u00e7\u00e3o de descalabro causada pelo cancelamento dos conv\u00eanios em suas cidades e cobraram agilidade da Setur-SP na libera\u00e7\u00e3o dos recursos do Dadetur que s\u00e3o um direito das prefeituras est\u00e2ncias, garantidos pela Constitui\u00e7\u00e3o Estadual.<\/p>\n<p>Presidente da Aprecesp, o prefeito santa-ritense classificou a reuni\u00e3o como \u201cacalorada, por\u00e9m produtiva\u201d. \u201cOs prefeitos deixaram claro as suas necessidades e o sofrimento perante a popula\u00e7\u00e3o nas suas cidades. Com muito respeito no encaminhamento dos trabalhos, deixamos claro que o momento \u00e9 de parar de \u2018olhar para o retrovisor\u2019 e buscar solu\u00e7\u00f5es efetivas, pois o pr\u00f3ximo ano \u00e9 de elei\u00e7\u00f5es municipais. Entendemos que o Governador Jo\u00e3o D\u00f3ria est\u00e1 com 90 dias de mandato, per\u00edodo e realizar o balan\u00e7o financeiro, mas estamos confiantes que o Governo do Estado vai resolver os problemas e deslanchar na libera\u00e7\u00e3o de recursos de infraestrutura tur\u00edstica t\u00e3o importantes para as prefeituras est\u00e2ncias\u2019, destacou o prefeito.<\/p>\n<p>A pr\u00f3xima reuni\u00e3o da APRECESP acontece na Est\u00e2ncia de Bragan\u00e7a Paulista, nos dias 07 e 08 de junho de 2019.<\/p>\n<p>&nbsp;<\/p>\n<p>&nbsp;<\/p>\n<p>&nbsp;<\/p>\n<p>&nbsp;<\/p>\n<p><em>\u00a0<\/em><\/p>\n","protected":false},"excerpt":{"rendered":"<p>Estado reconhece passivo de mais R$ 500 milh\u00f5es e associa\u00e7\u00e3o cobra agilidade na libera\u00e7\u00e3o de recursos para o turismo &nbsp;<\/p>\n","protected":false},"author":1,"featured_media":1213,"comment_status":"closed","ping_status":"open","sticky":false,"template":"","format":"standard","meta":{"footnotes":""},"categories":[44,52,60],"tags":[],"class_list":["post-1210","post","type-post","status-publish","format-standard","has-post-thumbnail","hentry","category-cidades","category-latest","category-turismo"],"_links":{"self":[{"href":"https:\/\/www.santaritadopassaquatro.sp.gov.br\/portal\/wp-json\/wp\/v2\/posts\/1210","targetHints":{"allow":["GET"]}}],"collection":[{"href":"https:\/\/www.santaritadopassaquatro.sp.gov.br\/portal\/wp-json\/wp\/v2\/posts"}],"about":[{"href":"https:\/\/www.santaritadopassaquatro.sp.gov.br\/portal\/wp-json\/wp\/v2\/types\/post"}],"author":[{"embeddable":true,"href":"https:\/\/www.santaritadopassaquatro.sp.gov.br\/portal\/wp-json\/wp\/v2\/users\/1"}],"replies":[{"embeddable":true,"href":"https:\/\/www.santaritadopassaquatro.sp.gov.br\/portal\/wp-json\/wp\/v2\/comments?post=1210"}],"version-history":[{"count":0,"href":"https:\/\/www.santaritadopassaquatro.sp.gov.br\/portal\/wp-json\/wp\/v2\/posts\/1210\/revisions"}],"wp:featuredmedia":[{"embeddable":true,"href":"https:\/\/www.santaritadopassaquatro.sp.gov.br\/portal\/wp-json\/wp\/v2\/media\/1213"}],"wp:attachment":[{"href":"https:\/\/www.santaritadopassaquatro.sp.gov.br\/portal\/wp-json\/wp\/v2\/media?parent=1210"}],"wp:term":[{"taxonomy":"category","embeddable":true,"href":"https:\/\/www.santaritadopassaquatro.sp.gov.br\/portal\/wp-json\/wp\/v2\/categories?post=1210"},{"taxonomy":"post_tag","embeddable":true,"href":"https:\/\/www.santaritadopassaquatro.sp.gov.br\/portal\/wp-json\/wp\/v2\/tags?post=1210"}],"curies":[{"name":"wp","href":"https:\/\/api.w.org\/{rel}","templated":true}]}}