{"id":12105,"date":"2025-05-15T17:18:42","date_gmt":"2025-05-15T20:18:42","guid":{"rendered":"https:\/\/www.santaritadopassaquatro.sp.gov.br\/portal\/?p=12105"},"modified":"2025-05-20T17:21:43","modified_gmt":"2025-05-20T20:21:43","slug":"%f0%9f%93%a2-descarte-de-lixo-eletronico-em-santa-rita-do-passa-quatro-%e2%99%bb%ef%b8%8f%f0%9f%92%bb%f0%9f%94%8b","status":"publish","type":"post","link":"https:\/\/www.santaritadopassaquatro.sp.gov.br\/portal\/%f0%9f%93%a2-descarte-de-lixo-eletronico-em-santa-rita-do-passa-quatro-%e2%99%bb%ef%b8%8f%f0%9f%92%bb%f0%9f%94%8b\/","title":{"rendered":"\ud83d\udce2 Descarte de Lixo Eletr\u00f4nico em Santa Rita do Passa Quatro \u267b\ufe0f\ud83d\udcbb\ud83d\udd0b"},"content":{"rendered":"\n<p>Informamos \u00e0 popula\u00e7\u00e3o de Santa Rita do Passa Quatro que, na \u00faltima sexta-feira, dia 09 de maio de 2025, foi realizada mais uma importante a\u00e7\u00e3o de descarte correto de lixo eletr\u00f4nico em nossa cidade. \ud83d\udcc5<br>A coleta foi feita pela empresa Led \u2013 Reciclagem Tecnol\u00f3gica, especializada no recolhimento e destina\u00e7\u00e3o ambientalmente adequada de res\u00edduos eletroeletr\u00f4nicos, como celulares, pilhas, baterias, computadores, televisores e outros equipamentos inutilizados. \u2705<br>Agradecemos a todos os cidad\u00e3os e Setores da Administra\u00e7\u00e3o Municipal que participaram da a\u00e7\u00e3o e contribu\u00edram para um futuro mais limpo e sustent\u00e1vel! \ud83c\udf31\ud83d\udc9a<br>Lembramos que o descarte correto de lixo eletr\u00f4nico evita a contamina\u00e7\u00e3o do solo e da \u00e1gua, al\u00e9m de permitir a reutiliza\u00e7\u00e3o de materiais valiosos.<br>Juntos, fazemos a diferen\u00e7a! \u2728<\/p>\n\n\n\n<figure class=\"wp-block-gallery has-nested-images columns-default is-cropped wp-block-gallery-1 is-layout-flex wp-block-gallery-is-layout-flex\">\n<figure class=\"wp-block-image size-large\"><img decoding=\"async\" width=\"1280\" height=\"1600\" data-id=\"12111\" src=\"https:\/\/www.santaritadopassaquatro.sp.gov.br\/portal\/wp-content\/uploads\/2025\/05\/WhatsApp-Image-2025-05-20-at-09.55.02-1.jpeg\" alt=\"\" class=\"wp-image-12111\"\/><\/figure>\n\n\n\n<figure class=\"wp-block-image size-large\"><img decoding=\"async\" width=\"1280\" height=\"1600\" data-id=\"12108\" src=\"https:\/\/www.santaritadopassaquatro.sp.gov.br\/portal\/wp-content\/uploads\/2025\/05\/WhatsApp-Image-2025-05-20-at-09.55.02.jpeg\" alt=\"\" class=\"wp-image-12108\"\/><\/figure>\n\n\n\n<figure class=\"wp-block-image size-large\"><img decoding=\"async\" width=\"1280\" height=\"1600\" data-id=\"12109\" src=\"https:\/\/www.santaritadopassaquatro.sp.gov.br\/portal\/wp-content\/uploads\/2025\/05\/WhatsApp-Image-2025-05-20-at-09.55.03-1.jpeg\" alt=\"\" class=\"wp-image-12109\"\/><\/figure>\n\n\n\n<figure class=\"wp-block-image size-large\"><img decoding=\"async\" width=\"1280\" height=\"1600\" data-id=\"12107\" src=\"https:\/\/www.santaritadopassaquatro.sp.gov.br\/portal\/wp-content\/uploads\/2025\/05\/WhatsApp-Image-2025-05-20-at-09.55.03-2.jpeg\" alt=\"\" class=\"wp-image-12107\"\/><\/figure>\n\n\n\n<figure class=\"wp-block-image size-large\"><img decoding=\"async\" width=\"1280\" height=\"1600\" data-id=\"12112\" src=\"https:\/\/www.santaritadopassaquatro.sp.gov.br\/portal\/wp-content\/uploads\/2025\/05\/WhatsApp-Image-2025-05-20-at-09.55.03.jpeg\" alt=\"\" class=\"wp-image-12112\"\/><\/figure>\n\n\n\n<figure class=\"wp-block-image size-large\"><img decoding=\"async\" width=\"1280\" height=\"1600\" data-id=\"12110\" src=\"https:\/\/www.santaritadopassaquatro.sp.gov.br\/portal\/wp-content\/uploads\/2025\/05\/WhatsApp-Image-2025-05-20-at-09.55.04.jpeg\" alt=\"\" class=\"wp-image-12110\"\/><\/figure>\n<\/figure>\n","protected":false},"excerpt":{"rendered":"<p>Informamos \u00e0 popula\u00e7\u00e3o de Santa Rita do Passa Quatro que, na \u00faltima sexta-feira, dia 09 de maio de 2025, foi<\/p>\n","protected":false},"author":1,"featured_media":12106,"comment_status":"closed","ping_status":"open","sticky":false,"template":"","format":"standard","meta":{"footnotes":""},"categories":[52,53],"tags":[],"class_list":["post-12105","post","type-post","status-publish","format-standard","has-post-thumbnail","hentry","category-latest","category-meio-ambiente"],"_links":{"self":[{"href":"https:\/\/www.santaritadopassaquatro.sp.gov.br\/portal\/wp-json\/wp\/v2\/posts\/12105","targetHints":{"allow":["GET"]}}],"collection":[{"href":"https:\/\/www.santaritadopassaquatro.sp.gov.br\/portal\/wp-json\/wp\/v2\/posts"}],"about":[{"href":"https:\/\/www.santaritadopassaquatro.sp.gov.br\/portal\/wp-json\/wp\/v2\/types\/post"}],"author":[{"embeddable":true,"href":"https:\/\/www.santaritadopassaquatro.sp.gov.br\/portal\/wp-json\/wp\/v2\/users\/1"}],"replies":[{"embeddable":true,"href":"https:\/\/www.santaritadopassaquatro.sp.gov.br\/portal\/wp-json\/wp\/v2\/comments?post=12105"}],"version-history":[{"count":1,"href":"https:\/\/www.santaritadopassaquatro.sp.gov.br\/portal\/wp-json\/wp\/v2\/posts\/12105\/revisions"}],"predecessor-version":[{"id":12113,"href":"https:\/\/www.santaritadopassaquatro.sp.gov.br\/portal\/wp-json\/wp\/v2\/posts\/12105\/revisions\/12113"}],"wp:featuredmedia":[{"embeddable":true,"href":"https:\/\/www.santaritadopassaquatro.sp.gov.br\/portal\/wp-json\/wp\/v2\/media\/12106"}],"wp:attachment":[{"href":"https:\/\/www.santaritadopassaquatro.sp.gov.br\/portal\/wp-json\/wp\/v2\/media?parent=12105"}],"wp:term":[{"taxonomy":"category","embeddable":true,"href":"https:\/\/www.santaritadopassaquatro.sp.gov.br\/portal\/wp-json\/wp\/v2\/categories?post=12105"},{"taxonomy":"post_tag","embeddable":true,"href":"https:\/\/www.santaritadopassaquatro.sp.gov.br\/portal\/wp-json\/wp\/v2\/tags?post=12105"}],"curies":[{"name":"wp","href":"https:\/\/api.w.org\/{rel}","templated":true}]}}