{"id":12114,"date":"2025-05-20T16:20:42","date_gmt":"2025-05-20T19:20:42","guid":{"rendered":"https:\/\/www.santaritadopassaquatro.sp.gov.br\/portal\/?p=12114"},"modified":"2025-05-21T16:22:58","modified_gmt":"2025-05-21T19:22:58","slug":"%f0%9f%8c%b1-educacao-ambiental-em-acao-%f0%9f%8c%b1","status":"publish","type":"post","link":"https:\/\/www.santaritadopassaquatro.sp.gov.br\/portal\/%f0%9f%8c%b1-educacao-ambiental-em-acao-%f0%9f%8c%b1\/","title":{"rendered":"\ud83c\udf31 Educa\u00e7\u00e3o Ambiental em A\u00e7\u00e3o! \ud83c\udf31"},"content":{"rendered":"\n<p>No dia 13 de maio de 2025, os funcion\u00e1rios do Departamento de Agricultura e Meio Ambiente de Santa Rita do Passa Quatro realizaram uma atividade muito especial com as crian\u00e7as do Lar Dom Lu\u00eds Carbulotto, abordando o tema &#8220;Log\u00edstica Reversa e Tipos de Res\u00edduos&#8221;.<br>Durante a visita, as crian\u00e7as participaram de uma programa\u00e7\u00e3o educativa que incluiu a exibi\u00e7\u00e3o de um v\u00eddeo explicativo e uma palestra ministrada pelos pr\u00f3prios funcion\u00e1rios do departamento, trazendo informa\u00e7\u00f5es valiosas sobre a import\u00e2ncia da separa\u00e7\u00e3o correta do lixo, os diferentes tipos de res\u00edduos (recicl\u00e1veis, org\u00e2nicos e perigosos) e o papel de cada um na preserva\u00e7\u00e3o do meio ambiente.<br>Um dos destaques foi a explica\u00e7\u00e3o sobre a log\u00edstica reversa, que mostrou \u00e0s crian\u00e7as como produtos como pilhas, baterias e eletr\u00f4nicos devem ser descartados corretamente, garantindo a prote\u00e7\u00e3o do solo, da \u00e1gua e da sa\u00fade de todos.<br>\u2728 Com linguagem acess\u00edvel, din\u00e2micas educativas e muita intera\u00e7\u00e3o, a atividade despertou o interesse das crian\u00e7as, que participaram com entusiasmo e curiosidade!<br>Agradecemos ao Lar Dom Lu\u00eds Carbulotto pela recep\u00e7\u00e3o calorosa e parabenizamos toda a equipe do Departamento de Agricultura e Meio Ambiente pelo trabalho de conscientiza\u00e7\u00e3o ambiental junto \u00e0s novas gera\u00e7\u00f5es. \ud83d\udc9a<br>\ud83c\udf0d Porque cuidar do meio ambiente come\u00e7a com educa\u00e7\u00e3o e carinho desde a inf\u00e2ncia!<\/p>\n\n\n\n<figure class=\"wp-block-gallery has-nested-images columns-default is-cropped wp-block-gallery-1 is-layout-flex wp-block-gallery-is-layout-flex\">\n<figure class=\"wp-block-image size-full\"><img decoding=\"async\" width=\"1280\" height=\"1600\" data-id=\"12116\" src=\"https:\/\/www.santaritadopassaquatro.sp.gov.br\/portal\/wp-content\/uploads\/2025\/05\/f19e0ae2-13a5-4fb1-9f45-467623b0bf20.jpg\" alt=\"\" class=\"wp-image-12116\"\/><\/figure>\n\n\n\n<figure class=\"wp-block-image size-full\"><img decoding=\"async\" width=\"1280\" height=\"1600\" data-id=\"12117\" src=\"https:\/\/www.santaritadopassaquatro.sp.gov.br\/portal\/wp-content\/uploads\/2025\/05\/ff2b3706-2ee3-4e70-9d32-e161258e1cd9.jpg\" alt=\"\" class=\"wp-image-12117\"\/><\/figure>\n<\/figure>\n","protected":false},"excerpt":{"rendered":"<p>No dia 13 de maio de 2025, os funcion\u00e1rios do Departamento de Agricultura e Meio Ambiente de Santa Rita do<\/p>\n","protected":false},"author":1,"featured_media":12115,"comment_status":"closed","ping_status":"open","sticky":false,"template":"","format":"standard","meta":{"footnotes":""},"categories":[52,53],"tags":[],"class_list":["post-12114","post","type-post","status-publish","format-standard","has-post-thumbnail","hentry","category-latest","category-meio-ambiente"],"_links":{"self":[{"href":"https:\/\/www.santaritadopassaquatro.sp.gov.br\/portal\/wp-json\/wp\/v2\/posts\/12114","targetHints":{"allow":["GET"]}}],"collection":[{"href":"https:\/\/www.santaritadopassaquatro.sp.gov.br\/portal\/wp-json\/wp\/v2\/posts"}],"about":[{"href":"https:\/\/www.santaritadopassaquatro.sp.gov.br\/portal\/wp-json\/wp\/v2\/types\/post"}],"author":[{"embeddable":true,"href":"https:\/\/www.santaritadopassaquatro.sp.gov.br\/portal\/wp-json\/wp\/v2\/users\/1"}],"replies":[{"embeddable":true,"href":"https:\/\/www.santaritadopassaquatro.sp.gov.br\/portal\/wp-json\/wp\/v2\/comments?post=12114"}],"version-history":[{"count":1,"href":"https:\/\/www.santaritadopassaquatro.sp.gov.br\/portal\/wp-json\/wp\/v2\/posts\/12114\/revisions"}],"predecessor-version":[{"id":12118,"href":"https:\/\/www.santaritadopassaquatro.sp.gov.br\/portal\/wp-json\/wp\/v2\/posts\/12114\/revisions\/12118"}],"wp:featuredmedia":[{"embeddable":true,"href":"https:\/\/www.santaritadopassaquatro.sp.gov.br\/portal\/wp-json\/wp\/v2\/media\/12115"}],"wp:attachment":[{"href":"https:\/\/www.santaritadopassaquatro.sp.gov.br\/portal\/wp-json\/wp\/v2\/media?parent=12114"}],"wp:term":[{"taxonomy":"category","embeddable":true,"href":"https:\/\/www.santaritadopassaquatro.sp.gov.br\/portal\/wp-json\/wp\/v2\/categories?post=12114"},{"taxonomy":"post_tag","embeddable":true,"href":"https:\/\/www.santaritadopassaquatro.sp.gov.br\/portal\/wp-json\/wp\/v2\/tags?post=12114"}],"curies":[{"name":"wp","href":"https:\/\/api.w.org\/{rel}","templated":true}]}}