{"id":12119,"date":"2025-05-21T16:24:13","date_gmt":"2025-05-21T19:24:13","guid":{"rendered":"https:\/\/www.santaritadopassaquatro.sp.gov.br\/portal\/?p=12119"},"modified":"2025-05-21T16:24:15","modified_gmt":"2025-05-21T19:24:15","slug":"%f0%9f%8c%b1-aprendendo-com-a-terra-educacao-ambiental-no-viveiro-municipal-%f0%9f%8c%b1","status":"publish","type":"post","link":"https:\/\/www.santaritadopassaquatro.sp.gov.br\/portal\/%f0%9f%8c%b1-aprendendo-com-a-terra-educacao-ambiental-no-viveiro-municipal-%f0%9f%8c%b1\/","title":{"rendered":"\ud83c\udf31 Aprendendo com a Terra: Educa\u00e7\u00e3o Ambiental no Viveiro Municipal! \ud83c\udf31"},"content":{"rendered":"\n<p>No dia 14 de maio de 2025, o Viveiro Municipal &#8220;Professor Edson Pedro Rezende Leite&#8221; de Santa Rita do Passa Quatro recebeu uma visita cheia de energia e curiosidade: os alunos do 3\u00ba ano do Ensino Fundamental da Escola Municipal Madre Carmelita participaram de uma atividade pr\u00e1tica e educativa sobre a conserva\u00e7\u00e3o do solo.<br>Com o apoio dos funcion\u00e1rios do DAMA, as crian\u00e7as colocaram a m\u00e3o na terra para montar um terr\u00e1rio feito com garrafa PET, entendendo na pr\u00e1tica o funcionamento de um ecossistema fechado e a import\u00e2ncia de cuidar do solo para manter a vida saud\u00e1vel. Al\u00e9m disso, cada aluno plantou sua pr\u00f3pria muda de tomatinho cereja, aprendendo sobre o ciclo de crescimento das plantas e a import\u00e2ncia dos nutrientes do solo.<br>Durante a atividade, conversamos sobre temas como:<br>\ud83c\udf45 A import\u00e2ncia de um solo saud\u00e1vel para o cultivo de alimentos<br>\u267b\ufe0f A reutiliza\u00e7\u00e3o de materiais, como as garrafas PET<br>\ud83c\udf31 O papel de cada um na preserva\u00e7\u00e3o do meio ambiente<br>Foi uma tarde repleta de aprendizado, contato com a natureza e muita alegria! As crian\u00e7as levaram seus terr\u00e1rios e mudas para casa, levando tamb\u00e9m a mensagem de que cuidar do solo \u00e9 cuidar da vida.<br>Agradecemos \u00e0 Escola Municipal Madre Carmelita pela parceria e aos educadores e servidores do Viveiro Municipal pelo carinho e dedica\u00e7\u00e3o com as crian\u00e7as. \ud83d\udc9a<\/p>\n\n\n\n<figure class=\"wp-block-gallery has-nested-images columns-default is-cropped wp-block-gallery-1 is-layout-flex wp-block-gallery-is-layout-flex\">\n<figure class=\"wp-block-image size-large\"><img decoding=\"async\" width=\"2048\" height=\"2560\" data-id=\"12121\" src=\"https:\/\/www.santaritadopassaquatro.sp.gov.br\/portal\/wp-content\/uploads\/2025\/05\/ed46edbe-dd83-44c4-9e98-8106d6513255.jpg\" alt=\"\" class=\"wp-image-12121\"\/><\/figure>\n<\/figure>\n","protected":false},"excerpt":{"rendered":"<p>No dia 14 de maio de 2025, o Viveiro Municipal &#8220;Professor Edson Pedro Rezende Leite&#8221; de Santa Rita do Passa<\/p>\n","protected":false},"author":1,"featured_media":12120,"comment_status":"closed","ping_status":"open","sticky":false,"template":"","format":"standard","meta":{"footnotes":""},"categories":[52,53],"tags":[],"class_list":["post-12119","post","type-post","status-publish","format-standard","has-post-thumbnail","hentry","category-latest","category-meio-ambiente"],"_links":{"self":[{"href":"https:\/\/www.santaritadopassaquatro.sp.gov.br\/portal\/wp-json\/wp\/v2\/posts\/12119","targetHints":{"allow":["GET"]}}],"collection":[{"href":"https:\/\/www.santaritadopassaquatro.sp.gov.br\/portal\/wp-json\/wp\/v2\/posts"}],"about":[{"href":"https:\/\/www.santaritadopassaquatro.sp.gov.br\/portal\/wp-json\/wp\/v2\/types\/post"}],"author":[{"embeddable":true,"href":"https:\/\/www.santaritadopassaquatro.sp.gov.br\/portal\/wp-json\/wp\/v2\/users\/1"}],"replies":[{"embeddable":true,"href":"https:\/\/www.santaritadopassaquatro.sp.gov.br\/portal\/wp-json\/wp\/v2\/comments?post=12119"}],"version-history":[{"count":1,"href":"https:\/\/www.santaritadopassaquatro.sp.gov.br\/portal\/wp-json\/wp\/v2\/posts\/12119\/revisions"}],"predecessor-version":[{"id":12122,"href":"https:\/\/www.santaritadopassaquatro.sp.gov.br\/portal\/wp-json\/wp\/v2\/posts\/12119\/revisions\/12122"}],"wp:featuredmedia":[{"embeddable":true,"href":"https:\/\/www.santaritadopassaquatro.sp.gov.br\/portal\/wp-json\/wp\/v2\/media\/12120"}],"wp:attachment":[{"href":"https:\/\/www.santaritadopassaquatro.sp.gov.br\/portal\/wp-json\/wp\/v2\/media?parent=12119"}],"wp:term":[{"taxonomy":"category","embeddable":true,"href":"https:\/\/www.santaritadopassaquatro.sp.gov.br\/portal\/wp-json\/wp\/v2\/categories?post=12119"},{"taxonomy":"post_tag","embeddable":true,"href":"https:\/\/www.santaritadopassaquatro.sp.gov.br\/portal\/wp-json\/wp\/v2\/tags?post=12119"}],"curies":[{"name":"wp","href":"https:\/\/api.w.org\/{rel}","templated":true}]}}