{"id":12123,"date":"2025-05-21T16:26:04","date_gmt":"2025-05-21T19:26:04","guid":{"rendered":"https:\/\/www.santaritadopassaquatro.sp.gov.br\/portal\/?p=12123"},"modified":"2025-05-21T16:26:05","modified_gmt":"2025-05-21T19:26:05","slug":"%f0%9f%8c%bf-colheita-com-sabor-de-educacao-%f0%9f%8c%bf","status":"publish","type":"post","link":"https:\/\/www.santaritadopassaquatro.sp.gov.br\/portal\/%f0%9f%8c%bf-colheita-com-sabor-de-educacao-%f0%9f%8c%bf\/","title":{"rendered":"\ud83c\udf3f Colheita com Sabor de Educa\u00e7\u00e3o! \ud83c\udf3f"},"content":{"rendered":"\n<p>Nesta semana, os alunos da EMEF &#8220;Jo\u00e3o Batista da Rocha Corr\u00eaa&#8221; viveram um momento especial com a colheita da horta escolar, parte do Projeto &#8220;Horta na Escola&#8221;, promovido pelo Departamento de Agricultura e Meio Ambiente (DAMA).<br>Sob a orienta\u00e7\u00e3o do servidor Amauri Luizio Restaino, as crian\u00e7as do Ensino Fundamental puderam colher os alimentos cultivados por elas mesmas, como alfaces, couves, temperos e outros vegetais fresquinhos \u2014 resultado do cuidado, da paci\u00eancia e do aprendizado ao longo dos \u00faltimos meses.<br>O mais gratificante? Toda a produ\u00e7\u00e3o ser\u00e1 aproveitada na alimenta\u00e7\u00e3o escolar, servida na pr\u00f3pria escola, refor\u00e7ando a import\u00e2ncia de uma alimenta\u00e7\u00e3o saud\u00e1vel, sustent\u00e1vel e produzida com responsabilidade.<br>\ud83e\udd6c Durante o projeto, os alunos aprenderam na pr\u00e1tica:<br>\u2705 Como preparar e cuidar do solo<br>\u2705 A import\u00e2ncia dos alimentos naturais para a sa\u00fade<br>\u2705 O ciclo de plantio e colheita<br>\u2705 O valor da colabora\u00e7\u00e3o e do cuidado com o meio ambiente<br>A atividade une educa\u00e7\u00e3o ambiental, nutri\u00e7\u00e3o e cidadania, mostrando que a escola pode ser tamb\u00e9m um espa\u00e7o f\u00e9rtil de experi\u00eancias transformadoras.<br>Parab\u00e9ns aos alunos, professores, \u00e0 equipe da EMEF Jo\u00e3o Batista da Rocha Corr\u00eaa e ao servidor Amauri pelo trabalho dedicado e inspirador! \ud83d\udc9a<\/p>\n\n\n\n<figure class=\"wp-block-gallery has-nested-images columns-default is-cropped wp-block-gallery-1 is-layout-flex wp-block-gallery-is-layout-flex\">\n<figure class=\"wp-block-image size-large\"><img decoding=\"async\" width=\"2048\" height=\"2560\" data-id=\"12129\" src=\"https:\/\/www.santaritadopassaquatro.sp.gov.br\/portal\/wp-content\/uploads\/2025\/05\/WhatsApp-Image-2025-05-21-at-09.30.55-2.jpeg\" alt=\"\" class=\"wp-image-12129\"\/><\/figure>\n\n\n\n<figure class=\"wp-block-image size-large\"><img decoding=\"async\" width=\"2048\" height=\"2560\" data-id=\"12128\" src=\"https:\/\/www.santaritadopassaquatro.sp.gov.br\/portal\/wp-content\/uploads\/2025\/05\/WhatsApp-Image-2025-05-21-at-09.30.55.jpeg\" alt=\"\" class=\"wp-image-12128\"\/><\/figure>\n\n\n\n<figure class=\"wp-block-image size-large\"><img decoding=\"async\" width=\"2048\" height=\"2560\" data-id=\"12127\" src=\"https:\/\/www.santaritadopassaquatro.sp.gov.br\/portal\/wp-content\/uploads\/2025\/05\/WhatsApp-Image-2025-05-21-at-09.30.56-1.jpeg\" alt=\"\" class=\"wp-image-12127\"\/><\/figure>\n\n\n\n<figure class=\"wp-block-image size-large\"><img decoding=\"async\" width=\"2048\" height=\"2560\" data-id=\"12125\" src=\"https:\/\/www.santaritadopassaquatro.sp.gov.br\/portal\/wp-content\/uploads\/2025\/05\/WhatsApp-Image-2025-05-21-at-09.30.56-2.jpeg\" alt=\"\" class=\"wp-image-12125\"\/><\/figure>\n\n\n\n<figure class=\"wp-block-image size-large\"><img decoding=\"async\" width=\"2048\" height=\"2560\" data-id=\"12126\" src=\"https:\/\/www.santaritadopassaquatro.sp.gov.br\/portal\/wp-content\/uploads\/2025\/05\/WhatsApp-Image-2025-05-21-at-09.30.56.jpeg\" alt=\"\" class=\"wp-image-12126\"\/><\/figure>\n<\/figure>\n","protected":false},"excerpt":{"rendered":"<p>Nesta semana, os alunos da EMEF &#8220;Jo\u00e3o Batista da Rocha Corr\u00eaa&#8221; viveram um momento especial com a colheita da horta<\/p>\n","protected":false},"author":1,"featured_media":12124,"comment_status":"closed","ping_status":"open","sticky":false,"template":"","format":"standard","meta":{"footnotes":""},"categories":[52,53],"tags":[],"class_list":["post-12123","post","type-post","status-publish","format-standard","has-post-thumbnail","hentry","category-latest","category-meio-ambiente"],"_links":{"self":[{"href":"https:\/\/www.santaritadopassaquatro.sp.gov.br\/portal\/wp-json\/wp\/v2\/posts\/12123","targetHints":{"allow":["GET"]}}],"collection":[{"href":"https:\/\/www.santaritadopassaquatro.sp.gov.br\/portal\/wp-json\/wp\/v2\/posts"}],"about":[{"href":"https:\/\/www.santaritadopassaquatro.sp.gov.br\/portal\/wp-json\/wp\/v2\/types\/post"}],"author":[{"embeddable":true,"href":"https:\/\/www.santaritadopassaquatro.sp.gov.br\/portal\/wp-json\/wp\/v2\/users\/1"}],"replies":[{"embeddable":true,"href":"https:\/\/www.santaritadopassaquatro.sp.gov.br\/portal\/wp-json\/wp\/v2\/comments?post=12123"}],"version-history":[{"count":1,"href":"https:\/\/www.santaritadopassaquatro.sp.gov.br\/portal\/wp-json\/wp\/v2\/posts\/12123\/revisions"}],"predecessor-version":[{"id":12130,"href":"https:\/\/www.santaritadopassaquatro.sp.gov.br\/portal\/wp-json\/wp\/v2\/posts\/12123\/revisions\/12130"}],"wp:featuredmedia":[{"embeddable":true,"href":"https:\/\/www.santaritadopassaquatro.sp.gov.br\/portal\/wp-json\/wp\/v2\/media\/12124"}],"wp:attachment":[{"href":"https:\/\/www.santaritadopassaquatro.sp.gov.br\/portal\/wp-json\/wp\/v2\/media?parent=12123"}],"wp:term":[{"taxonomy":"category","embeddable":true,"href":"https:\/\/www.santaritadopassaquatro.sp.gov.br\/portal\/wp-json\/wp\/v2\/categories?post=12123"},{"taxonomy":"post_tag","embeddable":true,"href":"https:\/\/www.santaritadopassaquatro.sp.gov.br\/portal\/wp-json\/wp\/v2\/tags?post=12123"}],"curies":[{"name":"wp","href":"https:\/\/api.w.org\/{rel}","templated":true}]}}