{"id":1218,"date":"2019-04-12T15:14:14","date_gmt":"2019-04-12T18:14:14","guid":{"rendered":"http:\/\/www.santaritadopassaquatro.sp.gov.br\/portal\/?p=1218"},"modified":"2019-04-12T15:14:14","modified_gmt":"2019-04-12T18:14:14","slug":"prefeito-participa-da-22a-marcha-a-brasilia","status":"publish","type":"post","link":"https:\/\/www.santaritadopassaquatro.sp.gov.br\/portal\/prefeito-participa-da-22a-marcha-a-brasilia\/","title":{"rendered":"Prefeito participa da 22\u00aa Marcha \u00e0 Bras\u00edlia"},"content":{"rendered":"<p><strong><em>Leandro Luciano dos Santos destacou a palestra com o Ministro e Economia e, no Minist\u00e9rio da Sa\u00fade, confirmou a vinda de nova ambul\u00e2ncia para o Samu local<\/em><\/strong><\/p>\n<p>&nbsp;<\/p>\n<figure id=\"attachment_1219\" aria-describedby=\"caption-attachment-1219\" style=\"width: 300px\" class=\"wp-caption alignleft\"><img decoding=\"async\" class=\"wp-image-1219 size-medium\" src=\"http:\/\/www.santaritadopassaquatro.sp.gov.br\/portal\/wp-content\/uploads\/2019\/04\/marcha_brasilia-300x225.jpeg\" alt=\"\" width=\"300\" height=\"225\" srcset=\"https:\/\/www.santaritadopassaquatro.sp.gov.br\/portal\/wp-content\/uploads\/2019\/04\/marcha_brasilia-300x225.jpeg 300w, https:\/\/www.santaritadopassaquatro.sp.gov.br\/portal\/wp-content\/uploads\/2019\/04\/marcha_brasilia-768x576.jpeg 768w, https:\/\/www.santaritadopassaquatro.sp.gov.br\/portal\/wp-content\/uploads\/2019\/04\/marcha_brasilia-1024x768.jpeg 1024w, https:\/\/www.santaritadopassaquatro.sp.gov.br\/portal\/wp-content\/uploads\/2019\/04\/marcha_brasilia.jpeg 1280w\" sizes=\"(max-width: 300px) 100vw, 300px\" \/><figcaption id=\"caption-attachment-1219\" class=\"wp-caption-text\"><span style=\"font-size: 8pt; color: #999999;\"><strong> O prefeito de Santa Rita na 22\u00aa Marcha a Bras\u00edlia, no Distrito Federal (Divulga\u00e7\u00e3o)<\/strong><\/span><\/figcaption><\/figure>\n<p>O prefeito de Santa Rita do Passa Quatro, Leandro Luciano dos Santos, foi um dos quase 5 mil representantes de munic\u00edpios brasileiros presentes na 22\u00aa Marcha a Bras\u00edlia, realizada esta semana, na Capital Federal. Com o tema, \u201cEu sou a Marcha\u201d, estiveram em discuss\u00e3o no evento diferentes pautas que incidem diretamente nas administra\u00e7\u00f5es municipais.<\/p>\n<p>A Marcha a Bras\u00edlia foi organizada pela Confedera\u00e7\u00e3o Nacional dos Munic\u00edpios (CNM), visando chamar a aten\u00e7\u00e3o do governo federal para os desafios em decorr\u00eancia da queda na arrecada\u00e7\u00e3o municipal. A abertura oficial do evento aconteceu ter\u00e7a-feira (9\/04), com a presen\u00e7a do presidente da Rep\u00fablica Jair Bolsonaro, ministros e presidentes da C\u00e2mara dos Deputados, Rodrigo Maia, e do Senado, Davi Alcolumbre.<\/p>\n<p>O prefeito santa-ritense destacou a palestra do do ministro da Economia, Paulo Guedes, com foco na proposta de agenda governista atual de envio de uma Proposta de Emenda \u00e0 Constitui\u00e7\u00e3o (PEC) para reestruturar a distribui\u00e7\u00e3o de recursos p\u00fablicos, focando mais em estados e munic\u00edpios. O Chamado de Pacto Federativo promete redistribuir os recursos de tributos, que hoje se concentram em 65% para a Uni\u00e3o, 25% para os estados e 15% para os munic\u00edpios. \u201cMudando essas porcentagens, ir\u00e1 ajudar os munic\u00edpios, que, como o pr\u00f3prio ministro disse, \u00e9 onde est\u00e3o os problemas e onde est\u00e3o as pessoas que mais precisam\u201d, disse o prefeito.<\/p>\n<figure id=\"attachment_1220\" aria-describedby=\"caption-attachment-1220\" style=\"width: 225px\" class=\"wp-caption alignright\"><img decoding=\"async\" class=\"wp-image-1220 size-medium\" src=\"http:\/\/www.santaritadopassaquatro.sp.gov.br\/portal\/wp-content\/uploads\/2019\/04\/marcha_brasilia_ministerio_saude-225x300.jpeg\" alt=\"\" width=\"225\" height=\"300\" srcset=\"https:\/\/www.santaritadopassaquatro.sp.gov.br\/portal\/wp-content\/uploads\/2019\/04\/marcha_brasilia_ministerio_saude-225x300.jpeg 225w, https:\/\/www.santaritadopassaquatro.sp.gov.br\/portal\/wp-content\/uploads\/2019\/04\/marcha_brasilia_ministerio_saude-768x1024.jpeg 768w, https:\/\/www.santaritadopassaquatro.sp.gov.br\/portal\/wp-content\/uploads\/2019\/04\/marcha_brasilia_ministerio_saude.jpeg 960w\" sizes=\"(max-width: 225px) 100vw, 225px\" \/><figcaption id=\"caption-attachment-1220\" class=\"wp-caption-text\"><span style=\"font-size: 8pt; color: #999999;\"><em><strong><span style=\"font-family: 'andale mono', monospace;\">No Minist\u00e9rio da Sa\u00fade foi confirmada a vinda de nova ambul\u00e2ncia do Samu (Divulga\u00e7\u00e3o)<\/span><\/strong><\/em><\/span><\/figcaption><\/figure>\n<p>Al\u00e9m de participar da agenda da Marcha, o prefeito aproveitou sua estadia em Bras\u00edlia para visita a minist\u00e9rios e gabinetes. No Minist\u00e9rio da Sa\u00fade recebeu a confirma\u00e7\u00e3o de que Santa Rita ir\u00e1 receber uma nova ambul\u00e2ncia para o Samu. \u201cO melhor de tudo \u00e9 que poderemos continuar com a ambul\u00e2ncia antiga, mudando sua caracteriza\u00e7\u00e3o, para ser utilizada no nosso Departamento de Sa\u00fade\u201d, anunciou.<\/p>\n<p>Como presidente da APM (Associa\u00e7\u00e3o Paulista dos Munic\u00edpios), Carlos Cruz, e o consultor da Assessoria Parlamentar da CNM Marcelo Barbieri, Leandro tamb\u00e9m articulou a entrada, atrav\u00e9s da Aprocesp (Associa\u00e7\u00e3o das Prefeituras das Cidades Est\u00e2ncias do Estado de S\u00e3o Paulo), da qual \u00e9 presidente, com uma solicita\u00e7\u00e3o junto ao governo do Estado de S\u00e3o Paulo, de uma redistribui\u00e7\u00e3o do ICMS, para munic\u00edpios menores e a autoriza\u00e7\u00e3o para que as prefeituras possam tamb\u00e9m utilizar recursos provenientes de juros das verbas de emendas que ficam aplicadas durante a realiza\u00e7\u00e3o de obras. \u201cMuitas vezes, o dinheiro das obras fica aplicado por at\u00e9 um ano, mas atualmente temos que devolver ao estado os juros resultantes dessas aplica\u00e7\u00f5es. Queremos mudar isso, para que possamos investir esse dinheiro no pr\u00f3prio munic\u00edpio\u201d, explicou o prefeito.<\/p>\n<p>&nbsp;<\/p>\n<p>&nbsp;<\/p>\n<p>&nbsp;<\/p>\n<p>&nbsp;<\/p>\n<p><em>\u00a0<\/em><\/p>\n","protected":false},"excerpt":{"rendered":"<p>Leandro Luciano dos Santos destacou a palestra com o Ministro e Economia e, no Minist\u00e9rio da Sa\u00fade, confirmou a vinda<\/p>\n","protected":false},"author":1,"featured_media":1219,"comment_status":"closed","ping_status":"open","sticky":false,"template":"","format":"standard","meta":{"footnotes":""},"categories":[44,52],"tags":[],"class_list":["post-1218","post","type-post","status-publish","format-standard","has-post-thumbnail","hentry","category-cidades","category-latest"],"_links":{"self":[{"href":"https:\/\/www.santaritadopassaquatro.sp.gov.br\/portal\/wp-json\/wp\/v2\/posts\/1218","targetHints":{"allow":["GET"]}}],"collection":[{"href":"https:\/\/www.santaritadopassaquatro.sp.gov.br\/portal\/wp-json\/wp\/v2\/posts"}],"about":[{"href":"https:\/\/www.santaritadopassaquatro.sp.gov.br\/portal\/wp-json\/wp\/v2\/types\/post"}],"author":[{"embeddable":true,"href":"https:\/\/www.santaritadopassaquatro.sp.gov.br\/portal\/wp-json\/wp\/v2\/users\/1"}],"replies":[{"embeddable":true,"href":"https:\/\/www.santaritadopassaquatro.sp.gov.br\/portal\/wp-json\/wp\/v2\/comments?post=1218"}],"version-history":[{"count":0,"href":"https:\/\/www.santaritadopassaquatro.sp.gov.br\/portal\/wp-json\/wp\/v2\/posts\/1218\/revisions"}],"wp:featuredmedia":[{"embeddable":true,"href":"https:\/\/www.santaritadopassaquatro.sp.gov.br\/portal\/wp-json\/wp\/v2\/media\/1219"}],"wp:attachment":[{"href":"https:\/\/www.santaritadopassaquatro.sp.gov.br\/portal\/wp-json\/wp\/v2\/media?parent=1218"}],"wp:term":[{"taxonomy":"category","embeddable":true,"href":"https:\/\/www.santaritadopassaquatro.sp.gov.br\/portal\/wp-json\/wp\/v2\/categories?post=1218"},{"taxonomy":"post_tag","embeddable":true,"href":"https:\/\/www.santaritadopassaquatro.sp.gov.br\/portal\/wp-json\/wp\/v2\/tags?post=1218"}],"curies":[{"name":"wp","href":"https:\/\/api.w.org\/{rel}","templated":true}]}}