{"id":1246,"date":"2019-04-22T16:31:03","date_gmt":"2019-04-22T19:31:03","guid":{"rendered":"http:\/\/www.santaritadopassaquatro.sp.gov.br\/portal\/?p=1246"},"modified":"2019-04-22T16:31:03","modified_gmt":"2019-04-22T19:31:03","slug":"praca-da-estacao-recebe-mais-uma-atracao-circense-na-proxima-semana","status":"publish","type":"post","link":"https:\/\/www.santaritadopassaquatro.sp.gov.br\/portal\/praca-da-estacao-recebe-mais-uma-atracao-circense-na-proxima-semana\/","title":{"rendered":"Pra\u00e7a da Esta\u00e7\u00e3o recebe mais uma atra\u00e7\u00e3o circense na pr\u00f3xima semana"},"content":{"rendered":"<p><strong><em>Promovido pelo Departamento de Cultura, \u201cGenu\u00edna Palha\u00e7a Francisquinha\u201d, ser\u00e1 apresentada na sexta-feira (26\/4) na Pra\u00e7a da Esta\u00e7\u00e3o<\/em><\/strong><\/p>\n<p>&nbsp;<\/p>\n<figure id=\"attachment_1247\" aria-describedby=\"caption-attachment-1247\" style=\"width: 169px\" class=\"wp-caption alignleft\"><img decoding=\"async\" class=\"wp-image-1247 size-medium\" src=\"http:\/\/www.santaritadopassaquatro.sp.gov.br\/portal\/wp-content\/uploads\/2019\/04\/palhaca_francisquinha02-169x300.jpg\" alt=\"\" width=\"169\" height=\"300\" srcset=\"https:\/\/www.santaritadopassaquatro.sp.gov.br\/portal\/wp-content\/uploads\/2019\/04\/palhaca_francisquinha02-169x300.jpg 169w, https:\/\/www.santaritadopassaquatro.sp.gov.br\/portal\/wp-content\/uploads\/2019\/04\/palhaca_francisquinha02.jpg 540w\" sizes=\"(max-width: 169px) 100vw, 169px\" \/><figcaption id=\"caption-attachment-1247\" class=\"wp-caption-text\"><span style=\"font-size: 8pt; color: #999999;\"><em><strong>Cena de \u201cGenu\u00edna &#8211; Palha\u00e7a Francisquinha\u201d, a pr\u00f3xima atra\u00e7\u00e3o circense, que acontece dia 26 de abril (Divulga\u00e7\u00e3o)<\/strong><\/em><\/span><\/figcaption><\/figure>\n<p>Em continuidade a programa\u00e7\u00e3o cultural do m\u00eas de abril, o Departamento de Cultura e Turismo, da Prefeitura Municipal de Santa Rita do Passa Quatro, apresenta mais uma atra\u00e7\u00e3o circense.<\/p>\n<p>Na pr\u00f3xima sexta-feira (26\/4), a Pra\u00e7a Poeta M\u00e1rio Mattoso (esta\u00e7\u00e3o) recebe o espet\u00e1culo \u201cGenu\u00edna &#8211; Palha\u00e7a Francisquinha\u201d, \u00e0 partir das 19h30. No espet\u00e1culo Genu\u00edna apresenta Francisquinha, uma mulher comum, que carrega nas costas o peso de ser quem \u00e9. Sua tr\u00e1gica sina \u00e9 levada com muita leveza e humor, e provoca, atrav\u00e9s do riso, a reflex\u00e3o do p\u00fablico.<\/p>\n<p>Gratuita e com classifica\u00e7\u00e3o livre, o espet\u00e1culo apresentado em Santa Rita segue, no m\u00eas seguinte, para a Europa, onde a palha\u00e7a Francisquinha ir\u00e1 se apresentar e ministrar oficina de palha\u00e7aria em Portugal e Espanha.<\/p>\n<p>&nbsp;<\/p>\n<p>&nbsp;<\/p>\n<p>&nbsp;<\/p>\n<blockquote><p><strong>SERVI\u00c7O<br \/>\n\u201cGenu\u00edna &#8211; Palha\u00e7a Francisquinha\u201d (Circo)<br \/>\nQUANDO: <\/strong>\u00a026 de abril, sexta-feira, \u00e0s 19h30.<strong><br \/>\nONDE: <\/strong>Pra\u00e7a Poeta M\u00e1rio Mattoso<br \/>\n<strong>Classifica\u00e7\u00e3o:<\/strong> Livre.<br \/>\n<strong>EVENTO GRATUITO<\/strong><\/p><\/blockquote>\n<p><strong><em>\u00a0<\/em><\/strong><\/p>\n<p>&nbsp;<\/p>\n<p>&nbsp;<\/p>\n","protected":false},"excerpt":{"rendered":"<p>Promovido pelo Departamento de Cultura, \u201cGenu\u00edna Palha\u00e7a Francisquinha\u201d, ser\u00e1 apresentada na sexta-feira (26\/4) na Pra\u00e7a da Esta\u00e7\u00e3o &nbsp; Em continuidade<\/p>\n","protected":false},"author":1,"featured_media":1140,"comment_status":"closed","ping_status":"open","sticky":false,"template":"","format":"standard","meta":{"footnotes":""},"categories":[46,50,52],"tags":[],"class_list":["post-1246","post","type-post","status-publish","format-standard","has-post-thumbnail","hentry","category-cultura","category-entertainment","category-latest"],"_links":{"self":[{"href":"https:\/\/www.santaritadopassaquatro.sp.gov.br\/portal\/wp-json\/wp\/v2\/posts\/1246","targetHints":{"allow":["GET"]}}],"collection":[{"href":"https:\/\/www.santaritadopassaquatro.sp.gov.br\/portal\/wp-json\/wp\/v2\/posts"}],"about":[{"href":"https:\/\/www.santaritadopassaquatro.sp.gov.br\/portal\/wp-json\/wp\/v2\/types\/post"}],"author":[{"embeddable":true,"href":"https:\/\/www.santaritadopassaquatro.sp.gov.br\/portal\/wp-json\/wp\/v2\/users\/1"}],"replies":[{"embeddable":true,"href":"https:\/\/www.santaritadopassaquatro.sp.gov.br\/portal\/wp-json\/wp\/v2\/comments?post=1246"}],"version-history":[{"count":0,"href":"https:\/\/www.santaritadopassaquatro.sp.gov.br\/portal\/wp-json\/wp\/v2\/posts\/1246\/revisions"}],"wp:featuredmedia":[{"embeddable":true,"href":"https:\/\/www.santaritadopassaquatro.sp.gov.br\/portal\/wp-json\/wp\/v2\/media\/1140"}],"wp:attachment":[{"href":"https:\/\/www.santaritadopassaquatro.sp.gov.br\/portal\/wp-json\/wp\/v2\/media?parent=1246"}],"wp:term":[{"taxonomy":"category","embeddable":true,"href":"https:\/\/www.santaritadopassaquatro.sp.gov.br\/portal\/wp-json\/wp\/v2\/categories?post=1246"},{"taxonomy":"post_tag","embeddable":true,"href":"https:\/\/www.santaritadopassaquatro.sp.gov.br\/portal\/wp-json\/wp\/v2\/tags?post=1246"}],"curies":[{"name":"wp","href":"https:\/\/api.w.org\/{rel}","templated":true}]}}