{"id":12521,"date":"2025-06-30T17:10:34","date_gmt":"2025-06-30T20:10:34","guid":{"rendered":"https:\/\/www.santaritadopassaquatro.sp.gov.br\/portal\/?p=12521"},"modified":"2025-06-30T17:10:35","modified_gmt":"2025-06-30T20:10:35","slug":"%f0%9f%8e%ad-consulta-publica-define-aplicacao-dos-recursos-da-lei-aldir-blanc-ciclo-2-em-santa-rita-do-passa-quatro","status":"publish","type":"post","link":"https:\/\/www.santaritadopassaquatro.sp.gov.br\/portal\/%f0%9f%8e%ad-consulta-publica-define-aplicacao-dos-recursos-da-lei-aldir-blanc-ciclo-2-em-santa-rita-do-passa-quatro\/","title":{"rendered":"\ud83c\udfad Consulta P\u00fablica define aplica\u00e7\u00e3o dos recursos da Lei Aldir Blanc \u2013 Ciclo 2 em Santa Rita do Passa Quatro"},"content":{"rendered":"\n<p>No dia 24 de junho, a Prefeitura Municipal de Santa Rita do Passa Quatro, por meio do Departamento de Turismo, Desenvolvimento Econ\u00f4mico, Cultura e Esporte, em parceria com o Conselho Municipal de Pol\u00edticas Culturais (COMCULT), promoveu uma importante consulta p\u00fablica para discutir o Plano Anual de Aplica\u00e7\u00e3o dos Recursos da Lei Aldir Blanc \u2013 Ciclo 2.<\/p>\n\n\n\n<p>O encontro, realizado no Centro Cultural e Museu Jos\u00e9 Spadon, reuniu agentes culturais, representantes da sociedade civil, autoridades e membros da Administra\u00e7\u00e3o P\u00fablica Municipal, como o Prefeito Marcelo Sim\u00e3o, o Diretor do Departamento de Turismo, Desenvolvimento Econ\u00f4mico, Cultura e Esportes Marcos Andr\u00e9 Pereira Silva e a Procuradora Dra. La\u00eds Sales do Prado e Silva de Caires.<\/p>\n\n\n\n<p>Durante a audi\u00eancia, foi aprovada a distribui\u00e7\u00e3o de R$ 197.778,12 em editais e a\u00e7\u00f5es de fomento \u00e0 cultura em 2025, divididos da seguinte forma:<\/p>\n\n\n\n<p>\u2714\ufe0f 5% (R$ 9.897,22) para custos operacionais da pol\u00edtica cultural;<br>\u2714\ufe0f 18% (R$ 35.000,00) para 7 projetos de R$ 5.000,00 (M\u00f3dulo I);<br>\u2714\ufe0f 35% (R$ 70.000,00) para 7 projetos de R$ 10.000,00 (M\u00f3dulo II);<br>\u2714\ufe0f 23% (R$ 45.000,00) para 7 projetos de R$ 6.500,00 (M\u00f3dulo III);<br>\u2714\ufe0f 14% (R$ 28.000,00) para estrutura f\u00edsica do Centro Cultural (bebedouros e cortinas);<br>\u2714\ufe0f 5% (R$ 10.047,30) para premia\u00e7\u00e3o de not\u00f3rio saber a artistas com trajet\u00f3ria a partir dos 60 anos.<\/p>\n\n\n\n<p>Al\u00e9m dos percentuais, os participantes contribu\u00edram com sugest\u00f5es para futuras categorias e a\u00e7\u00f5es inclusivas, garantindo que os projetos alcancem tamb\u00e9m as \u00e1reas de maior vulnerabilidade socioecon\u00f4mica.<\/p>\n\n\n\n<p>A consulta reafirma o compromisso da gest\u00e3o com a transpar\u00eancia, o di\u00e1logo e a valoriza\u00e7\u00e3o da cultura local, promovendo pol\u00edticas p\u00fablicas constru\u00eddas com ampla participa\u00e7\u00e3o social. \u2728\ud83e\udd1d<\/p>\n\n\n\n<figure class=\"wp-block-gallery has-nested-images columns-default is-cropped wp-block-gallery-1 is-layout-flex wp-block-gallery-is-layout-flex\">\n<figure class=\"wp-block-image size-large\"><img decoding=\"async\" width=\"2047\" height=\"2560\" data-id=\"12524\" src=\"https:\/\/www.santaritadopassaquatro.sp.gov.br\/portal\/wp-content\/uploads\/2025\/06\/a7014e71-8e67-4c01-9ffa-3dd6e2df8911.jpg\" alt=\"\" class=\"wp-image-12524\"\/><\/figure>\n\n\n\n<figure class=\"wp-block-image size-large\"><img decoding=\"async\" width=\"2047\" height=\"2560\" data-id=\"12523\" src=\"https:\/\/www.santaritadopassaquatro.sp.gov.br\/portal\/wp-content\/uploads\/2025\/06\/d8e37ef0-d53d-4259-aae4-18e5a60f20e5.jpg\" alt=\"\" class=\"wp-image-12523\"\/><\/figure>\n<\/figure>\n","protected":false},"excerpt":{"rendered":"<p>No dia 24 de junho, a Prefeitura Municipal de Santa Rita do Passa Quatro, por meio do Departamento de Turismo,<\/p>\n","protected":false},"author":1,"featured_media":12522,"comment_status":"closed","ping_status":"open","sticky":false,"template":"","format":"standard","meta":{"footnotes":""},"categories":[155],"tags":[],"class_list":["post-12521","post","type-post","status-publish","format-standard","has-post-thumbnail","hentry","category-aldir-blanc-2"],"_links":{"self":[{"href":"https:\/\/www.santaritadopassaquatro.sp.gov.br\/portal\/wp-json\/wp\/v2\/posts\/12521","targetHints":{"allow":["GET"]}}],"collection":[{"href":"https:\/\/www.santaritadopassaquatro.sp.gov.br\/portal\/wp-json\/wp\/v2\/posts"}],"about":[{"href":"https:\/\/www.santaritadopassaquatro.sp.gov.br\/portal\/wp-json\/wp\/v2\/types\/post"}],"author":[{"embeddable":true,"href":"https:\/\/www.santaritadopassaquatro.sp.gov.br\/portal\/wp-json\/wp\/v2\/users\/1"}],"replies":[{"embeddable":true,"href":"https:\/\/www.santaritadopassaquatro.sp.gov.br\/portal\/wp-json\/wp\/v2\/comments?post=12521"}],"version-history":[{"count":1,"href":"https:\/\/www.santaritadopassaquatro.sp.gov.br\/portal\/wp-json\/wp\/v2\/posts\/12521\/revisions"}],"predecessor-version":[{"id":12525,"href":"https:\/\/www.santaritadopassaquatro.sp.gov.br\/portal\/wp-json\/wp\/v2\/posts\/12521\/revisions\/12525"}],"wp:featuredmedia":[{"embeddable":true,"href":"https:\/\/www.santaritadopassaquatro.sp.gov.br\/portal\/wp-json\/wp\/v2\/media\/12522"}],"wp:attachment":[{"href":"https:\/\/www.santaritadopassaquatro.sp.gov.br\/portal\/wp-json\/wp\/v2\/media?parent=12521"}],"wp:term":[{"taxonomy":"category","embeddable":true,"href":"https:\/\/www.santaritadopassaquatro.sp.gov.br\/portal\/wp-json\/wp\/v2\/categories?post=12521"},{"taxonomy":"post_tag","embeddable":true,"href":"https:\/\/www.santaritadopassaquatro.sp.gov.br\/portal\/wp-json\/wp\/v2\/tags?post=12521"}],"curies":[{"name":"wp","href":"https:\/\/api.w.org\/{rel}","templated":true}]}}