{"id":1253,"date":"2019-04-22T16:39:19","date_gmt":"2019-04-22T19:39:19","guid":{"rendered":"http:\/\/www.santaritadopassaquatro.sp.gov.br\/portal\/?p=1253"},"modified":"2019-04-22T16:39:19","modified_gmt":"2019-04-22T19:39:19","slug":"programa-auxilio-ao-desempregado-abre-mais-vagas-e-tem-inscricoes-prorrogadas","status":"publish","type":"post","link":"https:\/\/www.santaritadopassaquatro.sp.gov.br\/portal\/programa-auxilio-ao-desempregado-abre-mais-vagas-e-tem-inscricoes-prorrogadas\/","title":{"rendered":"Programa Aux\u00edlio ao Desempregado abre mais vagas e tem inscri\u00e7\u00f5es prorrogadas"},"content":{"rendered":"<p><strong><em>A\u00e7\u00e3o far\u00e1 nova sele\u00e7\u00e3o de desempregados para frente de trabalho; contratos ter\u00e3o validade de um ano e selecionados ir\u00e3o contar com qualifica\u00e7\u00e3o e bolsa aux\u00edlio<\/em><\/strong><\/p>\n<p>&nbsp;<\/p>\n<p><img decoding=\"async\" class=\"alignnone size-medium wp-image-1254 alignleft\" src=\"http:\/\/www.santaritadopassaquatro.sp.gov.br\/portal\/wp-content\/uploads\/2019\/04\/cartaz_programa_auxilio_desempregado_novo-212x300.jpg\" alt=\"\" width=\"212\" height=\"300\" srcset=\"https:\/\/www.santaritadopassaquatro.sp.gov.br\/portal\/wp-content\/uploads\/2019\/04\/cartaz_programa_auxilio_desempregado_novo-212x300.jpg 212w, https:\/\/www.santaritadopassaquatro.sp.gov.br\/portal\/wp-content\/uploads\/2019\/04\/cartaz_programa_auxilio_desempregado_novo-768x1086.jpg 768w, https:\/\/www.santaritadopassaquatro.sp.gov.br\/portal\/wp-content\/uploads\/2019\/04\/cartaz_programa_auxilio_desempregado_novo-724x1024.jpg 724w\" sizes=\"(max-width: 212px) 100vw, 212px\" \/>A Prefeitura Municipal de Santa Rita do Passa Quatro, atrav\u00e9s do Departamento de Assist\u00eancia e Desenvolvimento Social, prorrogou o prazo de inscri\u00e7\u00f5es e aumentou o n\u00famero de vagas da segunda etapa do Programa Aux\u00edlio ao Desempregado.<\/p>\n<p>Originalmente com 20 vagas, o programa ampliou para 25 e as inscri\u00e7\u00f5es poder\u00e3o ser feitas nos dias 29 e 30 de abril, 2 e 3 de maio, segunda, ter\u00e7a-feira, quinta e sexta-feira. Os candidatos devem se dirigir \u00e0 Sala do Empreendedor, que fica na Av. Severino Meirelles, 1230,\u00a0 Centro (ao lado do PROCON), no hor\u00e1rio das 8h \u00e0s 11h e das 13h \u00e0s 17 horas.<\/p>\n<p>Cerca de 130 candidatos fizeram inscri\u00e7\u00f5es na semana de 8 a 12 de abril, deste total, 10 foram indeferidos por n\u00e3o terem apresentado a documenta\u00e7\u00e3o exigida. Estes, por\u00e9m, podem se inscrever novamente, desta vez apresentando os documentos necess\u00e1rios.<\/p>\n<p>Para se inscrever os candidatos devem obedecer a crit\u00e9rios, como residir no munic\u00edpio no m\u00ednimo por tr\u00eas anos &#8212; mediante comprova\u00e7\u00e3o documental&#8211;, n\u00e3o ter outra fonte de renda e subsist\u00eancia pr\u00f3pria e n\u00e3o estar recebendo seguro-desemprego e ter condi\u00e7\u00f5es f\u00edsicas e mentais para a execu\u00e7\u00e3o das tarefas propostas pelo programa, atestadas por profissional m\u00e9dico.<\/p>\n<p>Para inscri\u00e7\u00e3o, o candidato dever\u00e1 apresentar o original e uma c\u00f3pia dos documentos: carteira de identidade, CPF, t\u00edtulo de eleitor; certid\u00e3o de nascimento ou de casamento; certid\u00e3o de nascimento dos filhos menores ou deficientes, que estejam sob sua depend\u00eancia financeira; carteira de trabalho e Comprovante de domic\u00edlio no munic\u00edpio pelo per\u00edodo m\u00ednimo de tr\u00eas anos (conta de \u00e1gua, luz, telefone fixo, correspond\u00eancias oficiais, declara\u00e7\u00e3o de frequ\u00eancia dos filhos \u00e0 escola municipal, estadual ou creche ou t\u00edtulo de eleitor).<\/p>\n<p>O programa ir\u00e1 selecionar pessoas desempregadas a fim de proporcionar-lhes ocupa\u00e7\u00e3o, qualifica\u00e7\u00e3o profissional e renda, junto ao Departamento de Assist\u00eancia Social, mediante a concess\u00e3o de bolsa-aux\u00edlio no valor de um sal\u00e1rio m\u00ednimo, cesta b\u00e1sica, seguro de vida e de acidentes pessoais e cursos e treinamentos de capacita\u00e7\u00e3o profissional, pelo prazo de 12 meses, prorrog\u00e1vel por igual per\u00edodo.<\/p>\n<p>A data do exame de sele\u00e7\u00e3o tamb\u00e9m mudou e ser\u00e1 nos dias 14, 15 e 16 de maio, no mesmo local, o Parque Tur\u00edstico Municipal (Clube de Campo), e o candidato ser\u00e1 avaliado por uma comiss\u00e3o composta por nove pessoas.<\/p>\n<p>Os crit\u00e9rios de pontua\u00e7\u00e3o bem como as regras para a sele\u00e7\u00e3o est\u00e3o discriminados em edital publicado no site da prefeitura municipal <a href=\"http:\/\/www.santaritadopassaquatro.sp.gov.br\">www.santaritadopassaquatro.sp.gov.br<\/a> no aba Concursos e tamb\u00e9m no Di\u00e1rio Oficial Eletr\u00f4nico do Munic\u00edpio (https:\/\/imprensaoficialmunicipal.com.br\/santa_rita_do_passa_quatro).<\/p>\n<p>O Programa Aux\u00edlio ao Desempregado foi criado pela Lei N\u00ba 3.351, de 18 de abril de 2017, com objetivo de oferecer oportunidades \u00e0 popula\u00e7\u00e3o mais carente, para enfrentar a crise e ao desemprego.<\/p>\n<p>&nbsp;<\/p>\n<p><strong>CONFIRA A LISTA AS INCRI\u00c7\u00d5ES INDEFERIDAS <\/strong><\/p>\n<p>Adiciana da Silva Star (10100), Alecsandra Santos da Silva Severino (10144), Fagner de Almeida Pedro (10106), Gabriel Antonio Mihar (10069), Gislene Maria da Silva Benedito (10128), Katia Cristina Affonso (10113), Leandro Gilberto da Cunha (10061), Maria Angela Ribeiro Leopoldo (10019), Maria Aparecida Rubinato Guerrero (10047) eSolange Aparecida Paulino (10004).<\/p>\n<p>Todos podem fazer as inscri\u00e7\u00f5es novamente. Os demais inscritos, que n\u00e3o contam nesta lista, tiveram suas inscri\u00e7\u00f5es deferidas.<\/p>\n<p>&nbsp;<\/p>\n<p>&nbsp;<\/p>\n<p>&nbsp;<\/p>\n","protected":false},"excerpt":{"rendered":"<p>A\u00e7\u00e3o far\u00e1 nova sele\u00e7\u00e3o de desempregados para frente de trabalho; contratos ter\u00e3o validade de um ano e selecionados ir\u00e3o contar<\/p>\n","protected":false},"author":1,"featured_media":1254,"comment_status":"closed","ping_status":"open","sticky":false,"template":"","format":"standard","meta":{"footnotes":""},"categories":[43,52,56],"tags":[],"class_list":["post-1253","post","type-post","status-publish","format-standard","has-post-thumbnail","hentry","category-assistenciasocial","category-latest","category-oportunidade"],"_links":{"self":[{"href":"https:\/\/www.santaritadopassaquatro.sp.gov.br\/portal\/wp-json\/wp\/v2\/posts\/1253","targetHints":{"allow":["GET"]}}],"collection":[{"href":"https:\/\/www.santaritadopassaquatro.sp.gov.br\/portal\/wp-json\/wp\/v2\/posts"}],"about":[{"href":"https:\/\/www.santaritadopassaquatro.sp.gov.br\/portal\/wp-json\/wp\/v2\/types\/post"}],"author":[{"embeddable":true,"href":"https:\/\/www.santaritadopassaquatro.sp.gov.br\/portal\/wp-json\/wp\/v2\/users\/1"}],"replies":[{"embeddable":true,"href":"https:\/\/www.santaritadopassaquatro.sp.gov.br\/portal\/wp-json\/wp\/v2\/comments?post=1253"}],"version-history":[{"count":0,"href":"https:\/\/www.santaritadopassaquatro.sp.gov.br\/portal\/wp-json\/wp\/v2\/posts\/1253\/revisions"}],"wp:featuredmedia":[{"embeddable":true,"href":"https:\/\/www.santaritadopassaquatro.sp.gov.br\/portal\/wp-json\/wp\/v2\/media\/1254"}],"wp:attachment":[{"href":"https:\/\/www.santaritadopassaquatro.sp.gov.br\/portal\/wp-json\/wp\/v2\/media?parent=1253"}],"wp:term":[{"taxonomy":"category","embeddable":true,"href":"https:\/\/www.santaritadopassaquatro.sp.gov.br\/portal\/wp-json\/wp\/v2\/categories?post=1253"},{"taxonomy":"post_tag","embeddable":true,"href":"https:\/\/www.santaritadopassaquatro.sp.gov.br\/portal\/wp-json\/wp\/v2\/tags?post=1253"}],"curies":[{"name":"wp","href":"https:\/\/api.w.org\/{rel}","templated":true}]}}