{"id":1270,"date":"2019-04-22T16:55:23","date_gmt":"2019-04-22T19:55:23","guid":{"rendered":"http:\/\/www.santaritadopassaquatro.sp.gov.br\/portal\/?p=1270"},"modified":"2019-04-22T16:55:23","modified_gmt":"2019-04-22T19:55:23","slug":"agua-apos-quase-5-anos-do-desassoreamento-represa-cheia-mostra-que-falta-dagua-ficou-no-passado","status":"publish","type":"post","link":"https:\/\/www.santaritadopassaquatro.sp.gov.br\/portal\/agua-apos-quase-5-anos-do-desassoreamento-represa-cheia-mostra-que-falta-dagua-ficou-no-passado\/","title":{"rendered":"\u00c1GUA &#8211;\u00a0Ap\u00f3s quase 5 anos do desassoreamento, represa cheia mostra que falta d\u2019\u00e1gua ficou no passado"},"content":{"rendered":"<p><strong><em>Planejamento e parcerias tornaram poss\u00edvel o maior investimento em saneamento no munic\u00edpio para superar a crise h\u00eddrica e garantir o futuro do saneamento b\u00e1sico <\/em><\/strong><\/p>\n<p>&nbsp;<\/p>\n<figure id=\"attachment_1272\" aria-describedby=\"caption-attachment-1272\" style=\"width: 300px\" class=\"wp-caption alignleft\"><img decoding=\"async\" class=\"wp-image-1272 size-medium\" src=\"http:\/\/www.santaritadopassaquatro.sp.gov.br\/portal\/wp-content\/uploads\/2019\/04\/Represa_01-300x225.jpg\" alt=\"\" width=\"300\" height=\"225\" srcset=\"https:\/\/www.santaritadopassaquatro.sp.gov.br\/portal\/wp-content\/uploads\/2019\/04\/Represa_01-300x225.jpg 300w, https:\/\/www.santaritadopassaquatro.sp.gov.br\/portal\/wp-content\/uploads\/2019\/04\/Represa_01-768x576.jpg 768w, https:\/\/www.santaritadopassaquatro.sp.gov.br\/portal\/wp-content\/uploads\/2019\/04\/Represa_01-1024x768.jpg 1024w\" sizes=\"(max-width: 300px) 100vw, 300px\" \/><figcaption id=\"caption-attachment-1272\" class=\"wp-caption-text\"><span style=\"font-size: 8pt; color: #999999;\"><em><strong>Vista a\u00e9rea da represa, na \u00faltima ter\u00e7a-feira, mostram o volume de \u00e1gua armazenado (Sun7Films\/Divulga\u00e7\u00e3o)<\/strong><\/em><\/span><\/figcaption><\/figure>\n<p>As chuvas constantes dos \u00faltimos dias evidenciaram um cen\u00e1rio j\u00e1 constante nos \u00faltimos anos. A represa Passa Quatro, respons\u00e1vel pela capta\u00e7\u00e3o de \u00e1gua de Santa Rita do Passa Quatro, est\u00e1 completamente cheia, afastando por total o risco de desabastecimento na cidade, como ocorrido h\u00e1 quase 5 anos. Considerando que o reservat\u00f3rio teve sua capacidade quase que triplicada em obra de desassoreamento realizada em 2014, o fantasma do racionamento fica ainda mais distante.<\/p>\n<p>Aquele ano foi marcado por umas das maiores secas das \u00faltimas cinco d\u00e9cadas no munic\u00edpio. O fen\u00f4meno trouxe \u00e0 tona uma crise com consequ\u00eancias para toda a popula\u00e7\u00e3o, com falta a d\u2019\u00e1gua nas torneiras e um racionamento que chegou a 36 horas de interrup\u00e7\u00e3o no abastecimento p\u00fablico.<\/p>\n<figure id=\"attachment_1273\" aria-describedby=\"caption-attachment-1273\" style=\"width: 347px\" class=\"wp-caption alignright\"><img decoding=\"async\" class=\"wp-image-1273 \" src=\"http:\/\/www.santaritadopassaquatro.sp.gov.br\/portal\/wp-content\/uploads\/2019\/04\/Represa_02-300x200.jpg\" alt=\"\" width=\"347\" height=\"232\" srcset=\"https:\/\/www.santaritadopassaquatro.sp.gov.br\/portal\/wp-content\/uploads\/2019\/04\/Represa_02-300x200.jpg 300w, https:\/\/www.santaritadopassaquatro.sp.gov.br\/portal\/wp-content\/uploads\/2019\/04\/Represa_02-768x512.jpg 768w, https:\/\/www.santaritadopassaquatro.sp.gov.br\/portal\/wp-content\/uploads\/2019\/04\/Represa_02-1024x683.jpg 1024w\" sizes=\"(max-width: 347px) 100vw, 347px\" \/><figcaption id=\"caption-attachment-1273\" class=\"wp-caption-text\"><span style=\"font-size: 8pt; color: #999999;\"><em><strong>O prefeito visitando a represa, conferindo o resultado do trabalho realizado em 2014 (Arquivo\/AssCom\/Divulga\u00e7\u00e3o)<\/strong><\/em><\/span><\/figcaption><\/figure>\n<p>Na \u00e9poca, o rec\u00e9m empossado prefeito Leandro Luciano dos Santos buscou parcerias, a princ\u00edpio para enfrentar a crise h\u00eddrica e no segundo momento, para realizar um planejamento que decidiria o futuro do saneamento b\u00e1sico no munic\u00edpio.<\/p>\n<p>A primeira a\u00e7\u00e3o, em parceria com DAEE (Departamento de \u00c1gua e Energia El\u00e9trica do Estado) de Ribeir\u00e3o Preto, aconteceu durante pouco mais de dois meses (junho a setembro de 2014) com a obra de desassoreamento da represa.<\/p>\n<p>Com investimento de cerca de R$ 300 mil na \u00e9poca, a obra aumentou a capacidade de armazenamento da represa de 73 mil, para 182,5 mil metros c\u00fabicos de \u00e1gua. A draga fornecida pelo DAEE retirou cerca de 10 mil caminh\u00f5es de terra da represa, aumentando sua profundidade.<\/p>\n<figure id=\"attachment_1271\" aria-describedby=\"caption-attachment-1271\" style=\"width: 300px\" class=\"wp-caption alignleft\"><img decoding=\"async\" class=\"wp-image-1271 size-medium\" src=\"http:\/\/www.santaritadopassaquatro.sp.gov.br\/portal\/wp-content\/uploads\/2019\/04\/represa_03-300x200.jpg\" alt=\"\" width=\"300\" height=\"200\" srcset=\"https:\/\/www.santaritadopassaquatro.sp.gov.br\/portal\/wp-content\/uploads\/2019\/04\/represa_03-300x200.jpg 300w, https:\/\/www.santaritadopassaquatro.sp.gov.br\/portal\/wp-content\/uploads\/2019\/04\/represa_03-768x512.jpg 768w, https:\/\/www.santaritadopassaquatro.sp.gov.br\/portal\/wp-content\/uploads\/2019\/04\/represa_03-1024x683.jpg 1024w\" sizes=\"(max-width: 300px) 100vw, 300px\" \/><figcaption id=\"caption-attachment-1271\" class=\"wp-caption-text\"><span style=\"font-size: 8pt; color: #999999;\"><em><strong>A represa h\u00e1 4 anos, praticamente seca, quando houve racionamento de \u00e1gua em toda cidade (Arquivo\/AssCom\/Divulga\u00e7\u00e3o)<\/strong><\/em><\/span><\/figcaption><\/figure>\n<p>Conclu\u00eddo em setembro daquele ano, a obra colocou um ponto final no racionamento \u2013 j\u00e1 que a medida n\u00e3o precisou ser tomada mais nos anos seguintes \u2013 e deu in\u00edcio a um projeto maior no setor de saneamento, com muitos estudos na \u00e1rea t\u00e9cnica e a participa\u00e7\u00e3o popular, atrav\u00e9s de conselhos municipais e uma comiss\u00e3o especialmente formada para tratar do assunto.<\/p>\n<p>O planejamento resultou na medida mais importante, a concess\u00e3o do servi\u00e7os de \u00e1gua e esgoto para a iniciativa privada. Ap\u00f3s os tr\u00e2mites previstos em legisla\u00e7\u00e3o, a Comasa (Companhia \u00c1guas de Santa Rita) assumiu o setor h\u00e1 cerca de dois anos e desde ent\u00e3o vem realizando investimentos constantes que garantem n\u00e3o s\u00f3 o abastecimento, como tamb\u00e9m a qualidade da \u00e1gua fornecida.<\/p>\n<p><strong>\u00a0<\/strong><\/p>\n<p>&nbsp;<\/p>\n<p>&nbsp;<\/p>\n","protected":false},"excerpt":{"rendered":"<p>Planejamento e parcerias tornaram poss\u00edvel o maior investimento em saneamento no munic\u00edpio para superar a crise h\u00eddrica e garantir o<\/p>\n","protected":false},"author":1,"featured_media":1272,"comment_status":"closed","ping_status":"open","sticky":false,"template":"","format":"standard","meta":{"footnotes":""},"categories":[44,52,55],"tags":[],"class_list":["post-1270","post","type-post","status-publish","format-standard","has-post-thumbnail","hentry","category-cidades","category-latest","category-obras"],"_links":{"self":[{"href":"https:\/\/www.santaritadopassaquatro.sp.gov.br\/portal\/wp-json\/wp\/v2\/posts\/1270","targetHints":{"allow":["GET"]}}],"collection":[{"href":"https:\/\/www.santaritadopassaquatro.sp.gov.br\/portal\/wp-json\/wp\/v2\/posts"}],"about":[{"href":"https:\/\/www.santaritadopassaquatro.sp.gov.br\/portal\/wp-json\/wp\/v2\/types\/post"}],"author":[{"embeddable":true,"href":"https:\/\/www.santaritadopassaquatro.sp.gov.br\/portal\/wp-json\/wp\/v2\/users\/1"}],"replies":[{"embeddable":true,"href":"https:\/\/www.santaritadopassaquatro.sp.gov.br\/portal\/wp-json\/wp\/v2\/comments?post=1270"}],"version-history":[{"count":0,"href":"https:\/\/www.santaritadopassaquatro.sp.gov.br\/portal\/wp-json\/wp\/v2\/posts\/1270\/revisions"}],"wp:featuredmedia":[{"embeddable":true,"href":"https:\/\/www.santaritadopassaquatro.sp.gov.br\/portal\/wp-json\/wp\/v2\/media\/1272"}],"wp:attachment":[{"href":"https:\/\/www.santaritadopassaquatro.sp.gov.br\/portal\/wp-json\/wp\/v2\/media?parent=1270"}],"wp:term":[{"taxonomy":"category","embeddable":true,"href":"https:\/\/www.santaritadopassaquatro.sp.gov.br\/portal\/wp-json\/wp\/v2\/categories?post=1270"},{"taxonomy":"post_tag","embeddable":true,"href":"https:\/\/www.santaritadopassaquatro.sp.gov.br\/portal\/wp-json\/wp\/v2\/tags?post=1270"}],"curies":[{"name":"wp","href":"https:\/\/api.w.org\/{rel}","templated":true}]}}