{"id":12709,"date":"2025-07-07T15:50:26","date_gmt":"2025-07-07T18:50:26","guid":{"rendered":"https:\/\/www.santaritadopassaquatro.sp.gov.br\/portal\/?p=12709"},"modified":"2025-07-21T16:02:11","modified_gmt":"2025-07-21T19:02:11","slug":"%f0%9f%93%a3%f0%9f%8c%b1-programa-refloreste-suas-nascentes-segue-fortalecendo-a-preservacao-ambiental-em-santa-rita-do-passa-quatro-%f0%9f%8c%b1%f0%9f%92%a7","status":"publish","type":"post","link":"https:\/\/www.santaritadopassaquatro.sp.gov.br\/portal\/%f0%9f%93%a3%f0%9f%8c%b1-programa-refloreste-suas-nascentes-segue-fortalecendo-a-preservacao-ambiental-em-santa-rita-do-passa-quatro-%f0%9f%8c%b1%f0%9f%92%a7\/","title":{"rendered":"\ud83d\udce3\ud83c\udf31 Programa Refloreste Suas Nascentes segue fortalecendo a preserva\u00e7\u00e3o ambiental em Santa Rita do Passa Quatro! \ud83c\udf31\ud83d\udca7"},"content":{"rendered":"\n<p>O Departamento de Agricultura e Meio Ambiente (DAMA) tem orgulho de destacar os resultados do Programa Refloreste Suas Nascentes, uma importante iniciativa voltada \u00e0 restaura\u00e7\u00e3o ecol\u00f3gica de nascentes e \u00e1reas de preserva\u00e7\u00e3o permanente (APPs) em nosso munic\u00edpio.<br>Por meio do Viveiro Educativo &#8220;Professor Edson Pedro Rezende Leit\u00e3o&#8221;, foram distribu\u00eddas 1.541 mudas de esp\u00e9cies nativas entre agosto de 2024 e junho de 2025, beneficiando diretamente 48 produtores rurais comprometidos com a prote\u00e7\u00e3o dos recursos h\u00eddricos e com a sustentabilidade ambiental.<br>A a\u00e7\u00e3o refor\u00e7a o compromisso da Prefeitura com a recupera\u00e7\u00e3o de \u00e1reas degradadas, o incentivo \u00e0 consci\u00eancia ambiental e a valoriza\u00e7\u00e3o do meio rural.<br>\ud83c\udf3f Produtor, quer participar?<br>Procure o DAMA ou Viveiro Municipal para mais informa\u00e7\u00f5es e solicita\u00e7\u00e3o de mudas!<br>DAMA:<br>\ud83d\udccd Endere\u00e7o: Rua Jos\u00e9 Bonif\u00e1cio, 23 \u2013 Centro<br>\ud83d\udd57 Hor\u00e1rio de atendimento: das 08h \u00e0s 11h e das 13h \u00e0s 17h<br>Viveiro Educativo &#8220;Professor Edson Pedro Rezende Leit\u00e3o&#8221;<br>\ud83d\udccd Endere\u00e7o: Rua Carlos Zorzi, s\/n &#8211; Jardim (Clube de Campo)<br>\ud83d\udd57 Hor\u00e1rio de atendimento: das 07h \u00e0s 11h e das 13h \u00e0s 16h<br>Juntos, estamos cuidando do presente e garantindo um futuro mais verde para todos! \ud83d\udc9a\ud83d\udca7<\/p>\n\n\n\n<p><\/p>\n\n\n\n<figure class=\"wp-block-gallery has-nested-images columns-default is-cropped wp-block-gallery-1 is-layout-flex wp-block-gallery-is-layout-flex\">\n<figure class=\"wp-block-image size-large\"><img decoding=\"async\" width=\"621\" height=\"776\" data-id=\"12713\" src=\"https:\/\/www.santaritadopassaquatro.sp.gov.br\/portal\/wp-content\/uploads\/2025\/07\/2-2.png\" alt=\"\" class=\"wp-image-12713\"\/><\/figure>\n\n\n\n<figure class=\"wp-block-image size-large\"><img decoding=\"async\" width=\"621\" height=\"776\" data-id=\"12715\" src=\"https:\/\/www.santaritadopassaquatro.sp.gov.br\/portal\/wp-content\/uploads\/2025\/07\/3-2.png\" alt=\"\" class=\"wp-image-12715\"\/><\/figure>\n\n\n\n<figure class=\"wp-block-image size-large\"><img decoding=\"async\" width=\"621\" height=\"776\" data-id=\"12714\" src=\"https:\/\/www.santaritadopassaquatro.sp.gov.br\/portal\/wp-content\/uploads\/2025\/07\/4.png\" alt=\"\" class=\"wp-image-12714\"\/><\/figure>\n<\/figure>\n","protected":false},"excerpt":{"rendered":"<p>O Departamento de Agricultura e Meio Ambiente (DAMA) tem orgulho de destacar os resultados do Programa Refloreste Suas Nascentes, uma<\/p>\n","protected":false},"author":1,"featured_media":12711,"comment_status":"closed","ping_status":"open","sticky":false,"template":"","format":"standard","meta":{"footnotes":""},"categories":[53],"tags":[],"class_list":["post-12709","post","type-post","status-publish","format-standard","has-post-thumbnail","hentry","category-meio-ambiente"],"_links":{"self":[{"href":"https:\/\/www.santaritadopassaquatro.sp.gov.br\/portal\/wp-json\/wp\/v2\/posts\/12709","targetHints":{"allow":["GET"]}}],"collection":[{"href":"https:\/\/www.santaritadopassaquatro.sp.gov.br\/portal\/wp-json\/wp\/v2\/posts"}],"about":[{"href":"https:\/\/www.santaritadopassaquatro.sp.gov.br\/portal\/wp-json\/wp\/v2\/types\/post"}],"author":[{"embeddable":true,"href":"https:\/\/www.santaritadopassaquatro.sp.gov.br\/portal\/wp-json\/wp\/v2\/users\/1"}],"replies":[{"embeddable":true,"href":"https:\/\/www.santaritadopassaquatro.sp.gov.br\/portal\/wp-json\/wp\/v2\/comments?post=12709"}],"version-history":[{"count":2,"href":"https:\/\/www.santaritadopassaquatro.sp.gov.br\/portal\/wp-json\/wp\/v2\/posts\/12709\/revisions"}],"predecessor-version":[{"id":12716,"href":"https:\/\/www.santaritadopassaquatro.sp.gov.br\/portal\/wp-json\/wp\/v2\/posts\/12709\/revisions\/12716"}],"wp:featuredmedia":[{"embeddable":true,"href":"https:\/\/www.santaritadopassaquatro.sp.gov.br\/portal\/wp-json\/wp\/v2\/media\/12711"}],"wp:attachment":[{"href":"https:\/\/www.santaritadopassaquatro.sp.gov.br\/portal\/wp-json\/wp\/v2\/media?parent=12709"}],"wp:term":[{"taxonomy":"category","embeddable":true,"href":"https:\/\/www.santaritadopassaquatro.sp.gov.br\/portal\/wp-json\/wp\/v2\/categories?post=12709"},{"taxonomy":"post_tag","embeddable":true,"href":"https:\/\/www.santaritadopassaquatro.sp.gov.br\/portal\/wp-json\/wp\/v2\/tags?post=12709"}],"curies":[{"name":"wp","href":"https:\/\/api.w.org\/{rel}","templated":true}]}}