{"id":12717,"date":"2025-06-23T16:03:01","date_gmt":"2025-06-23T19:03:01","guid":{"rendered":"https:\/\/www.santaritadopassaquatro.sp.gov.br\/portal\/?p=12717"},"modified":"2025-07-21T16:04:35","modified_gmt":"2025-07-21T19:04:35","slug":"%f0%9f%8c%b1-conscientizacao-e-sustentabilidade-na-pratica-%f0%9f%8c%b1","status":"publish","type":"post","link":"https:\/\/www.santaritadopassaquatro.sp.gov.br\/portal\/%f0%9f%8c%b1-conscientizacao-e-sustentabilidade-na-pratica-%f0%9f%8c%b1\/","title":{"rendered":"\ud83c\udf31 Conscientiza\u00e7\u00e3o e Sustentabilidade na Pr\u00e1tica! \ud83c\udf31"},"content":{"rendered":"\n<p>No dia 12 de junho de 2025, a Escola T\u00e9cnica &#8220;Manoel dos Reis Ara\u00fajo&#8221; recebeu a visita do engenheiro agr\u00f4nomo Gabriel Bonetti Scarabel, do Departamento de Agricultura e Meio Ambiente, para uma palestra especial sobre a Destina\u00e7\u00e3o Correta de Embalagens de Agrot\u00f3xicos.<br>E no dia 13 de junho, a mesma palestra tamb\u00e9m foi realizada na Escola T\u00e9cnica Agropecu\u00e1ria Engenheiro Salvador Arena, levando informa\u00e7\u00e3o, conscientiza\u00e7\u00e3o e responsabilidade ambiental aos alunos.<br>Voltada aos estudantes do 1\u00ba, 2\u00ba e 3\u00ba anos do Ensino M\u00e9dio com curso T\u00e9cnico em Agropecu\u00e1ria integrado, a palestra trouxe informa\u00e7\u00f5es essenciais sobre o descarte adequado dessas embalagens, destacando que essa pr\u00e1tica n\u00e3o \u00e9 apenas uma exig\u00eancia legal, mas uma responsabilidade ambiental fundamental.<br>Com linguagem acess\u00edvel e exemplos pr\u00e1ticos, Gabriel explicou o processo de tr\u00edplice lavagem, os pontos de recebimento autorizados e os riscos do descarte incorreto para o solo, a \u00e1gua e a sa\u00fade humana.<br>\ud83c\udf0d A atividade refor\u00e7ou a import\u00e2ncia de pr\u00e1ticas agr\u00edcolas mais sustent\u00e1veis e conscientizou os futuros profissionais sobre o seu papel na preserva\u00e7\u00e3o do meio ambiente.<br>A a\u00e7\u00e3o integra o compromisso das escolas com uma forma\u00e7\u00e3o t\u00e9cnica aliada \u00e0 responsabilidade socioambiental. \ud83d\udc9a<br>\ud83d\udcf8 Confira alguns momentos da palestra nas fotos!<\/p>\n\n\n\n<figure class=\"wp-block-gallery has-nested-images columns-default is-cropped wp-block-gallery-1 is-layout-flex wp-block-gallery-is-layout-flex\">\n<figure class=\"wp-block-image size-large\"><img decoding=\"async\" width=\"1638\" height=\"2048\" data-id=\"12719\" src=\"https:\/\/www.santaritadopassaquatro.sp.gov.br\/portal\/wp-content\/uploads\/2025\/07\/510482778_1290589529742779_5882962019481439073_n.jpg\" alt=\"\" class=\"wp-image-12719\"\/><\/figure>\n\n\n\n<figure class=\"wp-block-image size-large\"><img decoding=\"async\" width=\"1638\" height=\"2048\" data-id=\"12720\" src=\"https:\/\/www.santaritadopassaquatro.sp.gov.br\/portal\/wp-content\/uploads\/2025\/07\/510497366_1290589483076117_7885442847737498207_n-1.jpg\" alt=\"\" class=\"wp-image-12720\"\/><\/figure>\n\n\n\n<figure class=\"wp-block-image size-large\"><img decoding=\"async\" width=\"1638\" height=\"2048\" data-id=\"12722\" src=\"https:\/\/www.santaritadopassaquatro.sp.gov.br\/portal\/wp-content\/uploads\/2025\/07\/510832988_1290589553076110_2599979974063496321_n.jpg\" alt=\"\" class=\"wp-image-12722\"\/><\/figure>\n\n\n\n<figure class=\"wp-block-image size-large\"><img decoding=\"async\" width=\"1638\" height=\"2048\" data-id=\"12721\" src=\"https:\/\/www.santaritadopassaquatro.sp.gov.br\/portal\/wp-content\/uploads\/2025\/07\/510943799_1290589509742781_3625752660016802702_n.jpg\" alt=\"\" class=\"wp-image-12721\"\/><\/figure>\n<\/figure>\n","protected":false},"excerpt":{"rendered":"<p>No dia 12 de junho de 2025, a Escola T\u00e9cnica &#8220;Manoel dos Reis Ara\u00fajo&#8221; recebeu a visita do engenheiro agr\u00f4nomo<\/p>\n","protected":false},"author":1,"featured_media":12718,"comment_status":"closed","ping_status":"open","sticky":false,"template":"","format":"standard","meta":{"footnotes":""},"categories":[53],"tags":[],"class_list":["post-12717","post","type-post","status-publish","format-standard","has-post-thumbnail","hentry","category-meio-ambiente"],"_links":{"self":[{"href":"https:\/\/www.santaritadopassaquatro.sp.gov.br\/portal\/wp-json\/wp\/v2\/posts\/12717","targetHints":{"allow":["GET"]}}],"collection":[{"href":"https:\/\/www.santaritadopassaquatro.sp.gov.br\/portal\/wp-json\/wp\/v2\/posts"}],"about":[{"href":"https:\/\/www.santaritadopassaquatro.sp.gov.br\/portal\/wp-json\/wp\/v2\/types\/post"}],"author":[{"embeddable":true,"href":"https:\/\/www.santaritadopassaquatro.sp.gov.br\/portal\/wp-json\/wp\/v2\/users\/1"}],"replies":[{"embeddable":true,"href":"https:\/\/www.santaritadopassaquatro.sp.gov.br\/portal\/wp-json\/wp\/v2\/comments?post=12717"}],"version-history":[{"count":1,"href":"https:\/\/www.santaritadopassaquatro.sp.gov.br\/portal\/wp-json\/wp\/v2\/posts\/12717\/revisions"}],"predecessor-version":[{"id":12723,"href":"https:\/\/www.santaritadopassaquatro.sp.gov.br\/portal\/wp-json\/wp\/v2\/posts\/12717\/revisions\/12723"}],"wp:featuredmedia":[{"embeddable":true,"href":"https:\/\/www.santaritadopassaquatro.sp.gov.br\/portal\/wp-json\/wp\/v2\/media\/12718"}],"wp:attachment":[{"href":"https:\/\/www.santaritadopassaquatro.sp.gov.br\/portal\/wp-json\/wp\/v2\/media?parent=12717"}],"wp:term":[{"taxonomy":"category","embeddable":true,"href":"https:\/\/www.santaritadopassaquatro.sp.gov.br\/portal\/wp-json\/wp\/v2\/categories?post=12717"},{"taxonomy":"post_tag","embeddable":true,"href":"https:\/\/www.santaritadopassaquatro.sp.gov.br\/portal\/wp-json\/wp\/v2\/tags?post=12717"}],"curies":[{"name":"wp","href":"https:\/\/api.w.org\/{rel}","templated":true}]}}