{"id":12724,"date":"2025-07-07T16:06:40","date_gmt":"2025-07-07T19:06:40","guid":{"rendered":"https:\/\/www.santaritadopassaquatro.sp.gov.br\/portal\/?p=12724"},"modified":"2025-07-21T16:29:00","modified_gmt":"2025-07-21T19:29:00","slug":"%f0%9f%93%a2-defesa-civil-promove-acao-educativa-sobre-mudancas-climaticas-e-prevencao-de-desastres-na-e-m-francisco-ribeiro-%f0%9f%8c%8e%f0%9f%9a%a8","status":"publish","type":"post","link":"https:\/\/www.santaritadopassaquatro.sp.gov.br\/portal\/%f0%9f%93%a2-defesa-civil-promove-acao-educativa-sobre-mudancas-climaticas-e-prevencao-de-desastres-na-e-m-francisco-ribeiro-%f0%9f%8c%8e%f0%9f%9a%a8\/","title":{"rendered":"\ud83d\udce2 Defesa Civil promove a\u00e7\u00e3o educativa sobre mudan\u00e7as clim\u00e1ticas e preven\u00e7\u00e3o de desastres na E.M. \u201cFrancisco Ribeiro\u201d \ud83c\udf0e\ud83d\udea8"},"content":{"rendered":"\n<p>Na \u00faltima quarta-feira, 25 de junho de 2025, a Defesa Civil de Santa Rita do Passa Quatro realizou uma importante a\u00e7\u00e3o de conscientiza\u00e7\u00e3o com os alunos do 5\u00ba ano do Ensino Fundamental da Escola Municipal \u201cFrancisco Ribeiro\u201d.<br>A atividade teve como foco as mudan\u00e7as clim\u00e1ticas e a redu\u00e7\u00e3o de riscos e desastres, temas cada vez mais urgentes diante dos eventos clim\u00e1ticos extremos que v\u00eam afetando diversas regi\u00f5es do pa\u00eds. De forma l\u00fadica e interativa, os estudantes aprenderam sobre os principais fen\u00f4menos clim\u00e1ticos, como enchentes, deslizamentos, queimadas e ondas de calor, al\u00e9m das atitudes que podem ajudar a prevenir trag\u00e9dias e proteger vidas.<br>A equipe da Defesa Civil destacou ainda a import\u00e2ncia da educa\u00e7\u00e3o ambiental e da participa\u00e7\u00e3o de todos na constru\u00e7\u00e3o de comunidades mais resilientes, que saibam agir com responsabilidade e seguran\u00e7a diante de situa\u00e7\u00f5es de risco.<br>A iniciativa integra as a\u00e7\u00f5es do munic\u00edpio voltadas \u00e0 educa\u00e7\u00e3o para a redu\u00e7\u00e3o de desastres, alinhadas \u00e0s diretrizes da Pol\u00edtica Nacional de Prote\u00e7\u00e3o e Defesa Civil.<br>\ud83d\udcac &#8220;Educar para prevenir \u00e9 o caminho mais eficaz para salvar vidas e preservar o meio ambiente&#8221;, refor\u00e7ou a equipe ao final do encontro.<br>Parabenizamos a Defesa Civil e a equipe da escola Francisco Ribeiro pelo compromisso com a forma\u00e7\u00e3o cidad\u00e3 e ambiental das nossas crian\u00e7as! \ud83d\udc4f\ud83c\udf31<\/p>\n\n\n\n<figure class=\"wp-block-gallery has-nested-images columns-default is-cropped wp-block-gallery-1 is-layout-flex wp-block-gallery-is-layout-flex\">\n<figure class=\"wp-block-image size-large\"><img decoding=\"async\" width=\"594\" height=\"743\" data-id=\"12727\" src=\"https:\/\/www.santaritadopassaquatro.sp.gov.br\/portal\/wp-content\/uploads\/2025\/07\/2-2-1.png\" alt=\"\" class=\"wp-image-12727\"\/><\/figure>\n\n\n\n<figure class=\"wp-block-image size-large\"><img decoding=\"async\" width=\"594\" height=\"743\" data-id=\"12729\" src=\"https:\/\/www.santaritadopassaquatro.sp.gov.br\/portal\/wp-content\/uploads\/2025\/07\/3-2-1.png\" alt=\"\" class=\"wp-image-12729\"\/><\/figure>\n\n\n\n<figure class=\"wp-block-image size-large\"><img decoding=\"async\" width=\"594\" height=\"743\" data-id=\"12726\" src=\"https:\/\/www.santaritadopassaquatro.sp.gov.br\/portal\/wp-content\/uploads\/2025\/07\/4-1.png\" alt=\"\" class=\"wp-image-12726\"\/><\/figure>\n\n\n\n<figure class=\"wp-block-image size-large\"><img decoding=\"async\" width=\"594\" height=\"743\" data-id=\"12730\" src=\"https:\/\/www.santaritadopassaquatro.sp.gov.br\/portal\/wp-content\/uploads\/2025\/07\/5-2.png\" alt=\"\" class=\"wp-image-12730\"\/><\/figure>\n\n\n\n<figure class=\"wp-block-image size-large\"><img decoding=\"async\" width=\"594\" height=\"743\" data-id=\"12728\" src=\"https:\/\/www.santaritadopassaquatro.sp.gov.br\/portal\/wp-content\/uploads\/2025\/07\/6-1.png\" alt=\"\" class=\"wp-image-12728\"\/><\/figure>\n<\/figure>\n","protected":false},"excerpt":{"rendered":"<p>Na \u00faltima quarta-feira, 25 de junho de 2025, a Defesa Civil de Santa Rita do Passa Quatro realizou uma importante<\/p>\n","protected":false},"author":1,"featured_media":12725,"comment_status":"closed","ping_status":"open","sticky":false,"template":"","format":"standard","meta":{"footnotes":""},"categories":[53],"tags":[],"class_list":["post-12724","post","type-post","status-publish","format-standard","has-post-thumbnail","hentry","category-meio-ambiente"],"_links":{"self":[{"href":"https:\/\/www.santaritadopassaquatro.sp.gov.br\/portal\/wp-json\/wp\/v2\/posts\/12724","targetHints":{"allow":["GET"]}}],"collection":[{"href":"https:\/\/www.santaritadopassaquatro.sp.gov.br\/portal\/wp-json\/wp\/v2\/posts"}],"about":[{"href":"https:\/\/www.santaritadopassaquatro.sp.gov.br\/portal\/wp-json\/wp\/v2\/types\/post"}],"author":[{"embeddable":true,"href":"https:\/\/www.santaritadopassaquatro.sp.gov.br\/portal\/wp-json\/wp\/v2\/users\/1"}],"replies":[{"embeddable":true,"href":"https:\/\/www.santaritadopassaquatro.sp.gov.br\/portal\/wp-json\/wp\/v2\/comments?post=12724"}],"version-history":[{"count":1,"href":"https:\/\/www.santaritadopassaquatro.sp.gov.br\/portal\/wp-json\/wp\/v2\/posts\/12724\/revisions"}],"predecessor-version":[{"id":12731,"href":"https:\/\/www.santaritadopassaquatro.sp.gov.br\/portal\/wp-json\/wp\/v2\/posts\/12724\/revisions\/12731"}],"wp:featuredmedia":[{"embeddable":true,"href":"https:\/\/www.santaritadopassaquatro.sp.gov.br\/portal\/wp-json\/wp\/v2\/media\/12725"}],"wp:attachment":[{"href":"https:\/\/www.santaritadopassaquatro.sp.gov.br\/portal\/wp-json\/wp\/v2\/media?parent=12724"}],"wp:term":[{"taxonomy":"category","embeddable":true,"href":"https:\/\/www.santaritadopassaquatro.sp.gov.br\/portal\/wp-json\/wp\/v2\/categories?post=12724"},{"taxonomy":"post_tag","embeddable":true,"href":"https:\/\/www.santaritadopassaquatro.sp.gov.br\/portal\/wp-json\/wp\/v2\/tags?post=12724"}],"curies":[{"name":"wp","href":"https:\/\/api.w.org\/{rel}","templated":true}]}}