{"id":12732,"date":"2025-06-17T16:29:00","date_gmt":"2025-06-17T19:29:00","guid":{"rendered":"https:\/\/www.santaritadopassaquatro.sp.gov.br\/portal\/?p=12732"},"modified":"2025-07-21T16:30:20","modified_gmt":"2025-07-21T19:30:20","slug":"%f0%9f%8c%b1-plantando-o-futuro-no-sitio-santa-angela-%f0%9f%8c%b1","status":"publish","type":"post","link":"https:\/\/www.santaritadopassaquatro.sp.gov.br\/portal\/%f0%9f%8c%b1-plantando-o-futuro-no-sitio-santa-angela-%f0%9f%8c%b1\/","title":{"rendered":"\ud83c\udf31 Plantando o Futuro no S\u00edtio Santa \u00c2ngela! \ud83c\udf31"},"content":{"rendered":"\n<p>Na \u00faltima semana, o S\u00edtio Santa \u00c2ngela foi palco de uma linda a\u00e7\u00e3o de educa\u00e7\u00e3o ambiental e cuidado com a natureza! As crian\u00e7as da ABEVEC participaram ativamente do plantio de 60 mudas de \u00e1rvores nativas, em uma iniciativa que une amor pelo meio ambiente, aprendizado e responsabilidade.<br>A atividade faz parte do Programa Ra\u00edzes do Amanh\u00e3, promovido pelo Departamento de Agricultura e Meio Ambiente, que tem como objetivo recuperar \u00e1reas degradadas, proteger nascentes e promover a conscientiza\u00e7\u00e3o ambiental desde a inf\u00e2ncia.<br>Durante o plantio, os pequenos colocaram literalmente as m\u00e3os na terra, aprendendo na pr\u00e1tica sobre a import\u00e2ncia das \u00e1rvores para o equil\u00edbrio ambiental, a conserva\u00e7\u00e3o da \u00e1gua e o combate \u00e0s mudan\u00e7as clim\u00e1ticas. \ud83c\udf33\ud83d\udca7<br>A parceria entre o poder p\u00fablico, institui\u00e7\u00f5es sociais e a comunidade \u00e9 fundamental para a constru\u00e7\u00e3o de um futuro mais verde e sustent\u00e1vel. E \u00e9 com a\u00e7\u00f5es como essa que cultivamos n\u00e3o s\u00f3 \u00e1rvores, mas tamb\u00e9m valores e esperan\u00e7a.<br>\ud83c\udf3f Parab\u00e9ns \u00e0s crian\u00e7as da ABEVEC por esse gesto de amor \u00e0 natureza!<br>\ud83c\udf0d Juntos, seguimos plantando hoje as ra\u00edzes do amanh\u00e3!<\/p>\n\n\n\n<p><\/p>\n\n\n\n<figure class=\"wp-block-gallery has-nested-images columns-default is-cropped wp-block-gallery-1 is-layout-flex wp-block-gallery-is-layout-flex\">\n<figure class=\"wp-block-image size-large\"><img decoding=\"async\" width=\"1638\" height=\"2048\" data-id=\"12734\" src=\"https:\/\/www.santaritadopassaquatro.sp.gov.br\/portal\/wp-content\/uploads\/2025\/07\/508568870_1285411903593875_4554821205056097822_n.jpg\" alt=\"\" class=\"wp-image-12734\"\/><\/figure>\n\n\n\n<figure class=\"wp-block-image size-large\"><img decoding=\"async\" width=\"1638\" height=\"2048\" data-id=\"12738\" src=\"https:\/\/www.santaritadopassaquatro.sp.gov.br\/portal\/wp-content\/uploads\/2025\/07\/508614247_1285411910260541_7313212326027538419_n.jpg\" alt=\"\" class=\"wp-image-12738\"\/><\/figure>\n\n\n\n<figure class=\"wp-block-image size-large\"><img decoding=\"async\" width=\"1638\" height=\"2048\" data-id=\"12736\" src=\"https:\/\/www.santaritadopassaquatro.sp.gov.br\/portal\/wp-content\/uploads\/2025\/07\/508685205_1285411920260540_7499297366193474291_n.jpg\" alt=\"\" class=\"wp-image-12736\"\/><\/figure>\n\n\n\n<figure class=\"wp-block-image size-large\"><img decoding=\"async\" width=\"1638\" height=\"2048\" data-id=\"12735\" src=\"https:\/\/www.santaritadopassaquatro.sp.gov.br\/portal\/wp-content\/uploads\/2025\/07\/508738793_1285411846927214_1086583685642122060_n.jpg\" alt=\"\" class=\"wp-image-12735\"\/><\/figure>\n\n\n\n<figure class=\"wp-block-image size-large\"><img decoding=\"async\" width=\"1638\" height=\"2048\" data-id=\"12737\" src=\"https:\/\/www.santaritadopassaquatro.sp.gov.br\/portal\/wp-content\/uploads\/2025\/07\/508766666_1285411946927204_7471422717826468115_n.jpg\" alt=\"\" class=\"wp-image-12737\"\/><\/figure>\n<\/figure>\n","protected":false},"excerpt":{"rendered":"<p>Na \u00faltima semana, o S\u00edtio Santa \u00c2ngela foi palco de uma linda a\u00e7\u00e3o de educa\u00e7\u00e3o ambiental e cuidado com a<\/p>\n","protected":false},"author":1,"featured_media":12733,"comment_status":"closed","ping_status":"open","sticky":false,"template":"","format":"standard","meta":{"footnotes":""},"categories":[53],"tags":[],"class_list":["post-12732","post","type-post","status-publish","format-standard","has-post-thumbnail","hentry","category-meio-ambiente"],"_links":{"self":[{"href":"https:\/\/www.santaritadopassaquatro.sp.gov.br\/portal\/wp-json\/wp\/v2\/posts\/12732","targetHints":{"allow":["GET"]}}],"collection":[{"href":"https:\/\/www.santaritadopassaquatro.sp.gov.br\/portal\/wp-json\/wp\/v2\/posts"}],"about":[{"href":"https:\/\/www.santaritadopassaquatro.sp.gov.br\/portal\/wp-json\/wp\/v2\/types\/post"}],"author":[{"embeddable":true,"href":"https:\/\/www.santaritadopassaquatro.sp.gov.br\/portal\/wp-json\/wp\/v2\/users\/1"}],"replies":[{"embeddable":true,"href":"https:\/\/www.santaritadopassaquatro.sp.gov.br\/portal\/wp-json\/wp\/v2\/comments?post=12732"}],"version-history":[{"count":1,"href":"https:\/\/www.santaritadopassaquatro.sp.gov.br\/portal\/wp-json\/wp\/v2\/posts\/12732\/revisions"}],"predecessor-version":[{"id":12739,"href":"https:\/\/www.santaritadopassaquatro.sp.gov.br\/portal\/wp-json\/wp\/v2\/posts\/12732\/revisions\/12739"}],"wp:featuredmedia":[{"embeddable":true,"href":"https:\/\/www.santaritadopassaquatro.sp.gov.br\/portal\/wp-json\/wp\/v2\/media\/12733"}],"wp:attachment":[{"href":"https:\/\/www.santaritadopassaquatro.sp.gov.br\/portal\/wp-json\/wp\/v2\/media?parent=12732"}],"wp:term":[{"taxonomy":"category","embeddable":true,"href":"https:\/\/www.santaritadopassaquatro.sp.gov.br\/portal\/wp-json\/wp\/v2\/categories?post=12732"},{"taxonomy":"post_tag","embeddable":true,"href":"https:\/\/www.santaritadopassaquatro.sp.gov.br\/portal\/wp-json\/wp\/v2\/tags?post=12732"}],"curies":[{"name":"wp","href":"https:\/\/api.w.org\/{rel}","templated":true}]}}