{"id":12741,"date":"2025-06-09T16:30:00","date_gmt":"2025-06-09T19:30:00","guid":{"rendered":"https:\/\/www.santaritadopassaquatro.sp.gov.br\/portal\/?p=12741"},"modified":"2025-07-21T16:32:25","modified_gmt":"2025-07-21T19:32:25","slug":"%f0%9f%8c%b3-plantio-de-arvore-na-creche-ana-mardegan-scorsolini-celebra-o-dia-do-meio-ambiente-%f0%9f%8c%b1","status":"publish","type":"post","link":"https:\/\/www.santaritadopassaquatro.sp.gov.br\/portal\/%f0%9f%8c%b3-plantio-de-arvore-na-creche-ana-mardegan-scorsolini-celebra-o-dia-do-meio-ambiente-%f0%9f%8c%b1\/","title":{"rendered":"\ud83c\udf33 Plantio de \u00c1rvore na Creche Ana Mardegan Scorsolini Celebra o Dia do Meio Ambiente \ud83c\udf31"},"content":{"rendered":"\n<p>Em comemora\u00e7\u00e3o ao Dia Mundial do Meio Ambiente, celebrado em 5 de junho, o Departamento de Agricultura e Meio Ambiente realizou o plantio simb\u00f3lico de uma muda de \u00e1rvore na Creche Ana Mardegan Scorsolini.<br>A a\u00e7\u00e3o teve como objetivo conscientizar desde cedo sobre a import\u00e2ncia da preserva\u00e7\u00e3o da natureza e o papel de cada um na constru\u00e7\u00e3o de um futuro mais verde e sustent\u00e1vel. As crian\u00e7as acompanharam o momento com curiosidade e entusiasmo, aprendendo, de forma l\u00fadica, o valor das \u00e1rvores para o planeta.<br>\ud83c\udf3f \u201cPlantar uma \u00e1rvore \u00e9 plantar esperan\u00e7a. Queremos que esse gesto simples fique marcado na mem\u00f3ria das crian\u00e7as como um exemplo de cuidado com o meio ambiente\u201d, destacou a equipe do departamento.<br>Com atitudes como essa, o munic\u00edpio refor\u00e7a seu compromisso com a educa\u00e7\u00e3o ambiental e o incentivo a pr\u00e1ticas sustent\u00e1veis, desde os primeiros anos de vida.<br>\ud83d\udc9a Que essa muda cres\u00e7a forte, assim como o compromisso de todos com a natureza!<\/p>\n\n\n\n<figure class=\"wp-block-gallery has-nested-images columns-default is-cropped wp-block-gallery-1 is-layout-flex wp-block-gallery-is-layout-flex\">\n<figure class=\"wp-block-image size-large\"><img decoding=\"async\" width=\"1638\" height=\"2048\" data-id=\"12747\" src=\"https:\/\/www.santaritadopassaquatro.sp.gov.br\/portal\/wp-content\/uploads\/2025\/07\/505740801_1278674627600936_2182489008411808583_n.jpg\" alt=\"\" class=\"wp-image-12747\"\/><\/figure>\n\n\n\n<figure class=\"wp-block-image size-large\"><img decoding=\"async\" width=\"1638\" height=\"2048\" data-id=\"12743\" src=\"https:\/\/www.santaritadopassaquatro.sp.gov.br\/portal\/wp-content\/uploads\/2025\/07\/505799736_1278674624267603_83773804122768135_n.jpg\" alt=\"\" class=\"wp-image-12743\"\/><\/figure>\n\n\n\n<figure class=\"wp-block-image size-large\"><img decoding=\"async\" width=\"1638\" height=\"2048\" data-id=\"12745\" src=\"https:\/\/www.santaritadopassaquatro.sp.gov.br\/portal\/wp-content\/uploads\/2025\/07\/505848544_1278674630934269_8992660886263562786_n.jpg\" alt=\"\" class=\"wp-image-12745\"\/><\/figure>\n\n\n\n<figure class=\"wp-block-image size-large\"><img decoding=\"async\" width=\"1638\" height=\"2048\" data-id=\"12748\" src=\"https:\/\/www.santaritadopassaquatro.sp.gov.br\/portal\/wp-content\/uploads\/2025\/07\/505934000_1278674634267602_5084443331343308462_n.jpg\" alt=\"\" class=\"wp-image-12748\"\/><\/figure>\n\n\n\n<figure class=\"wp-block-image size-large\"><img decoding=\"async\" width=\"1638\" height=\"2048\" data-id=\"12744\" src=\"https:\/\/www.santaritadopassaquatro.sp.gov.br\/portal\/wp-content\/uploads\/2025\/07\/505989963_1278674530934279_2406170341881593115_n.jpg\" alt=\"\" class=\"wp-image-12744\"\/><\/figure>\n\n\n\n<figure class=\"wp-block-image size-large\"><img decoding=\"async\" width=\"1638\" height=\"2048\" data-id=\"12746\" src=\"https:\/\/www.santaritadopassaquatro.sp.gov.br\/portal\/wp-content\/uploads\/2025\/07\/506045140_1278674570934275_2895673156629455082_n.jpg\" alt=\"\" class=\"wp-image-12746\"\/><\/figure>\n<\/figure>\n","protected":false},"excerpt":{"rendered":"<p>Em comemora\u00e7\u00e3o ao Dia Mundial do Meio Ambiente, celebrado em 5 de junho, o Departamento de Agricultura e Meio Ambiente<\/p>\n","protected":false},"author":1,"featured_media":12742,"comment_status":"closed","ping_status":"open","sticky":false,"template":"","format":"standard","meta":{"footnotes":""},"categories":[53],"tags":[],"class_list":["post-12741","post","type-post","status-publish","format-standard","has-post-thumbnail","hentry","category-meio-ambiente"],"_links":{"self":[{"href":"https:\/\/www.santaritadopassaquatro.sp.gov.br\/portal\/wp-json\/wp\/v2\/posts\/12741","targetHints":{"allow":["GET"]}}],"collection":[{"href":"https:\/\/www.santaritadopassaquatro.sp.gov.br\/portal\/wp-json\/wp\/v2\/posts"}],"about":[{"href":"https:\/\/www.santaritadopassaquatro.sp.gov.br\/portal\/wp-json\/wp\/v2\/types\/post"}],"author":[{"embeddable":true,"href":"https:\/\/www.santaritadopassaquatro.sp.gov.br\/portal\/wp-json\/wp\/v2\/users\/1"}],"replies":[{"embeddable":true,"href":"https:\/\/www.santaritadopassaquatro.sp.gov.br\/portal\/wp-json\/wp\/v2\/comments?post=12741"}],"version-history":[{"count":1,"href":"https:\/\/www.santaritadopassaquatro.sp.gov.br\/portal\/wp-json\/wp\/v2\/posts\/12741\/revisions"}],"predecessor-version":[{"id":12749,"href":"https:\/\/www.santaritadopassaquatro.sp.gov.br\/portal\/wp-json\/wp\/v2\/posts\/12741\/revisions\/12749"}],"wp:featuredmedia":[{"embeddable":true,"href":"https:\/\/www.santaritadopassaquatro.sp.gov.br\/portal\/wp-json\/wp\/v2\/media\/12742"}],"wp:attachment":[{"href":"https:\/\/www.santaritadopassaquatro.sp.gov.br\/portal\/wp-json\/wp\/v2\/media?parent=12741"}],"wp:term":[{"taxonomy":"category","embeddable":true,"href":"https:\/\/www.santaritadopassaquatro.sp.gov.br\/portal\/wp-json\/wp\/v2\/categories?post=12741"},{"taxonomy":"post_tag","embeddable":true,"href":"https:\/\/www.santaritadopassaquatro.sp.gov.br\/portal\/wp-json\/wp\/v2\/tags?post=12741"}],"curies":[{"name":"wp","href":"https:\/\/api.w.org\/{rel}","templated":true}]}}