{"id":12750,"date":"2025-06-06T16:53:58","date_gmt":"2025-06-06T19:53:58","guid":{"rendered":"https:\/\/www.santaritadopassaquatro.sp.gov.br\/portal\/?p=12750"},"modified":"2025-07-21T16:55:11","modified_gmt":"2025-07-21T19:55:11","slug":"%f0%9f%8c%b1%f0%9f%8d%87-plantando-consciencia-e-cultivando-o-futuro","status":"publish","type":"post","link":"https:\/\/www.santaritadopassaquatro.sp.gov.br\/portal\/%f0%9f%8c%b1%f0%9f%8d%87-plantando-consciencia-e-cultivando-o-futuro\/","title":{"rendered":"\ud83c\udf31\ud83c\udf47 Plantando consci\u00eancia e cultivando o futuro!"},"content":{"rendered":"\n<p>Em comemora\u00e7\u00e3o ao Dia Mundial do Meio Ambiente (5 de junho), o Viveiro Educativo &#8220;Pedro Edson Rezende Leit\u00e3o&#8221;, do Departamento de Agricultura e Meio Ambiente, realizou na quinta-feira 5 de junho, uma a\u00e7\u00e3o especial no Col\u00e9gio Objetivo de Santa Rita do Passa Quatro. \ud83d\udc9a<br>Na ocasi\u00e3o, foi realizado o plantio de duas mudas frut\u00edferas: uma de goiaba e outra de amora, marcando esse momento como um gesto simb\u00f3lico de cuidado com o planeta e valoriza\u00e7\u00e3o da biodiversidade. \ud83c\udf33\ud83c\udf48\ud83c\udf47<br>Al\u00e9m do plantio, os alunos participaram de uma conversa sobre a import\u00e2ncia das \u00e1rvores, especialmente as frut\u00edferas, para o equil\u00edbrio ambiental, a produ\u00e7\u00e3o de alimentos saud\u00e1veis e a preserva\u00e7\u00e3o da fauna local.<br>A a\u00e7\u00e3o refor\u00e7a o papel da educa\u00e7\u00e3o ambiental na forma\u00e7\u00e3o de cidad\u00e3os mais conscientes e comprometidos com a sustentabilidade. \ud83c\udf0d\ud83d\udcda<br>Parab\u00e9ns ao Col\u00e9gio Objetivo e a todos os envolvidos por abra\u00e7arem essa causa t\u00e3o essencial para o nosso futuro! \ud83d\udcaa\ud83c\udf3f<\/p>\n\n\n\n<figure class=\"wp-block-gallery has-nested-images columns-default is-cropped wp-block-gallery-1 is-layout-flex wp-block-gallery-is-layout-flex\">\n<figure class=\"wp-block-image size-large\"><img decoding=\"async\" width=\"1638\" height=\"2048\" data-id=\"12754\" src=\"https:\/\/www.santaritadopassaquatro.sp.gov.br\/portal\/wp-content\/uploads\/2025\/07\/504844990_1276113311190401_4721535413015240222_n.jpg\" alt=\"\" class=\"wp-image-12754\"\/><\/figure>\n\n\n\n<figure class=\"wp-block-image size-large\"><img decoding=\"async\" width=\"1638\" height=\"2048\" data-id=\"12755\" src=\"https:\/\/www.santaritadopassaquatro.sp.gov.br\/portal\/wp-content\/uploads\/2025\/07\/504920376_1276113304523735_1857431388308662866_n.jpg\" alt=\"\" class=\"wp-image-12755\"\/><\/figure>\n\n\n\n<figure class=\"wp-block-image size-large\"><img decoding=\"async\" width=\"1638\" height=\"2048\" data-id=\"12752\" src=\"https:\/\/www.santaritadopassaquatro.sp.gov.br\/portal\/wp-content\/uploads\/2025\/07\/504932860_1276113164523749_7552184423422514111_n.jpg\" alt=\"\" class=\"wp-image-12752\"\/><\/figure>\n\n\n\n<figure class=\"wp-block-image size-large\"><img decoding=\"async\" width=\"1638\" height=\"2048\" data-id=\"12753\" src=\"https:\/\/www.santaritadopassaquatro.sp.gov.br\/portal\/wp-content\/uploads\/2025\/07\/504932877_1276113207857078_4728564643236651394_n.jpg\" alt=\"\" class=\"wp-image-12753\"\/><\/figure>\n\n\n\n<figure class=\"wp-block-image size-large\"><img decoding=\"async\" width=\"1638\" height=\"2048\" data-id=\"12756\" src=\"https:\/\/www.santaritadopassaquatro.sp.gov.br\/portal\/wp-content\/uploads\/2025\/07\/504980527_1276113241190408_2026199191796701770_n.jpg\" alt=\"\" class=\"wp-image-12756\"\/><\/figure>\n<\/figure>\n","protected":false},"excerpt":{"rendered":"<p>Em comemora\u00e7\u00e3o ao Dia Mundial do Meio Ambiente (5 de junho), o Viveiro Educativo &#8220;Pedro Edson Rezende Leit\u00e3o&#8221;, do Departamento<\/p>\n","protected":false},"author":1,"featured_media":12751,"comment_status":"closed","ping_status":"open","sticky":false,"template":"","format":"standard","meta":{"footnotes":""},"categories":[53],"tags":[],"class_list":["post-12750","post","type-post","status-publish","format-standard","has-post-thumbnail","hentry","category-meio-ambiente"],"_links":{"self":[{"href":"https:\/\/www.santaritadopassaquatro.sp.gov.br\/portal\/wp-json\/wp\/v2\/posts\/12750","targetHints":{"allow":["GET"]}}],"collection":[{"href":"https:\/\/www.santaritadopassaquatro.sp.gov.br\/portal\/wp-json\/wp\/v2\/posts"}],"about":[{"href":"https:\/\/www.santaritadopassaquatro.sp.gov.br\/portal\/wp-json\/wp\/v2\/types\/post"}],"author":[{"embeddable":true,"href":"https:\/\/www.santaritadopassaquatro.sp.gov.br\/portal\/wp-json\/wp\/v2\/users\/1"}],"replies":[{"embeddable":true,"href":"https:\/\/www.santaritadopassaquatro.sp.gov.br\/portal\/wp-json\/wp\/v2\/comments?post=12750"}],"version-history":[{"count":1,"href":"https:\/\/www.santaritadopassaquatro.sp.gov.br\/portal\/wp-json\/wp\/v2\/posts\/12750\/revisions"}],"predecessor-version":[{"id":12757,"href":"https:\/\/www.santaritadopassaquatro.sp.gov.br\/portal\/wp-json\/wp\/v2\/posts\/12750\/revisions\/12757"}],"wp:featuredmedia":[{"embeddable":true,"href":"https:\/\/www.santaritadopassaquatro.sp.gov.br\/portal\/wp-json\/wp\/v2\/media\/12751"}],"wp:attachment":[{"href":"https:\/\/www.santaritadopassaquatro.sp.gov.br\/portal\/wp-json\/wp\/v2\/media?parent=12750"}],"wp:term":[{"taxonomy":"category","embeddable":true,"href":"https:\/\/www.santaritadopassaquatro.sp.gov.br\/portal\/wp-json\/wp\/v2\/categories?post=12750"},{"taxonomy":"post_tag","embeddable":true,"href":"https:\/\/www.santaritadopassaquatro.sp.gov.br\/portal\/wp-json\/wp\/v2\/tags?post=12750"}],"curies":[{"name":"wp","href":"https:\/\/api.w.org\/{rel}","templated":true}]}}