{"id":12758,"date":"2025-06-06T16:55:35","date_gmt":"2025-06-06T19:55:35","guid":{"rendered":"https:\/\/www.santaritadopassaquatro.sp.gov.br\/portal\/?p=12758"},"modified":"2025-07-21T16:56:51","modified_gmt":"2025-07-21T19:56:51","slug":"%f0%9f%8c%bf-educacao-ambiental-em-acao-no-horto-florestal-%f0%9f%95%b7%f0%9f%90%8d%f0%9f%a6%82","status":"publish","type":"post","link":"https:\/\/www.santaritadopassaquatro.sp.gov.br\/portal\/%f0%9f%8c%bf-educacao-ambiental-em-acao-no-horto-florestal-%f0%9f%95%b7%f0%9f%90%8d%f0%9f%a6%82\/","title":{"rendered":"\ud83c\udf3f Educa\u00e7\u00e3o ambiental em a\u00e7\u00e3o no Horto Florestal! \ud83d\udd77\ud83d\udc0d\ud83e\udd82"},"content":{"rendered":"\n<p>O Departamento de Agricultura e Meio Ambiente, em parceria com a Funda\u00e7\u00e3o Florestal e a Pol\u00edcia Ambiental, promoveu uma manh\u00e3 de aprendizado e contato com a natureza na Esta\u00e7\u00e3o Experimental \u2013 Horto Florestal de Santa Rita do Passa Quatro no dia 04 de junho de 2025. \ud83c\udf33<br>\ud83d\udc67\ud83e\uddd2 Os protagonistas da atividade foram os alunos do 4\u00ba ano da Escola Municipal &#8220;Francisco Ribeiro&#8221;, que participaram de uma viv\u00eancia educativa sobre o ambiente do Horto e os animais pe\u00e7onhentos, como aranhas, escorpi\u00f5es e cobras.<br>Acompanhados pela bi\u00f3loga Aline Daros Gama e do estudante de biologia Gustavo Guilherme Tosta, os estudantes puderam observar de perto esses animais (com toda a seguran\u00e7a, \u00e9 claro!) e aprender sobre sua import\u00e2ncia no equil\u00edbrio da natureza, como identific\u00e1-los e como agir com seguran\u00e7a em caso de encontro com algum deles.<br>A a\u00e7\u00e3o tamb\u00e9m contou com o apoio da Pol\u00edcia Ambiental, com a presen\u00e7a do Cabo Claudio e do Cabo Silva, que refor\u00e7ou orienta\u00e7\u00f5es sobre preserva\u00e7\u00e3o da fauna silvestre e cuidados no ambiente natural. \ud83c\udf31\ud83d\udc3e<br>Foi uma experi\u00eancia enriquecedora que uniu conhecimento, conscientiza\u00e7\u00e3o e respeito pela vida silvestre. Parab\u00e9ns a todos os envolvidos nessa importante iniciativa de educa\u00e7\u00e3o ambiental! \ud83d\udc9a<\/p>\n\n\n\n<figure class=\"wp-block-gallery has-nested-images columns-default is-cropped wp-block-gallery-1 is-layout-flex wp-block-gallery-is-layout-flex\">\n<figure class=\"wp-block-image size-large\"><img decoding=\"async\" width=\"1638\" height=\"2048\" data-id=\"12762\" src=\"https:\/\/www.santaritadopassaquatro.sp.gov.br\/portal\/wp-content\/uploads\/2025\/07\/504347160_1275941004540965_1852502793838866666_n-1.jpg\" alt=\"\" class=\"wp-image-12762\"\/><\/figure>\n\n\n\n<figure class=\"wp-block-image size-large\"><img decoding=\"async\" width=\"1638\" height=\"2048\" data-id=\"12760\" src=\"https:\/\/www.santaritadopassaquatro.sp.gov.br\/portal\/wp-content\/uploads\/2025\/07\/504413485_1275940934540972_7309085115898383135_n.jpg\" alt=\"\" class=\"wp-image-12760\"\/><\/figure>\n\n\n\n<figure class=\"wp-block-image size-large\"><img decoding=\"async\" width=\"1638\" height=\"2048\" data-id=\"12761\" src=\"https:\/\/www.santaritadopassaquatro.sp.gov.br\/portal\/wp-content\/uploads\/2025\/07\/504733715_1275940971207635_1938488585924226812_n-1.jpg\" alt=\"\" class=\"wp-image-12761\"\/><\/figure>\n<\/figure>\n","protected":false},"excerpt":{"rendered":"<p>O Departamento de Agricultura e Meio Ambiente, em parceria com a Funda\u00e7\u00e3o Florestal e a Pol\u00edcia Ambiental, promoveu uma manh\u00e3<\/p>\n","protected":false},"author":1,"featured_media":12759,"comment_status":"closed","ping_status":"open","sticky":false,"template":"","format":"standard","meta":{"footnotes":""},"categories":[53],"tags":[],"class_list":["post-12758","post","type-post","status-publish","format-standard","has-post-thumbnail","hentry","category-meio-ambiente"],"_links":{"self":[{"href":"https:\/\/www.santaritadopassaquatro.sp.gov.br\/portal\/wp-json\/wp\/v2\/posts\/12758","targetHints":{"allow":["GET"]}}],"collection":[{"href":"https:\/\/www.santaritadopassaquatro.sp.gov.br\/portal\/wp-json\/wp\/v2\/posts"}],"about":[{"href":"https:\/\/www.santaritadopassaquatro.sp.gov.br\/portal\/wp-json\/wp\/v2\/types\/post"}],"author":[{"embeddable":true,"href":"https:\/\/www.santaritadopassaquatro.sp.gov.br\/portal\/wp-json\/wp\/v2\/users\/1"}],"replies":[{"embeddable":true,"href":"https:\/\/www.santaritadopassaquatro.sp.gov.br\/portal\/wp-json\/wp\/v2\/comments?post=12758"}],"version-history":[{"count":1,"href":"https:\/\/www.santaritadopassaquatro.sp.gov.br\/portal\/wp-json\/wp\/v2\/posts\/12758\/revisions"}],"predecessor-version":[{"id":12763,"href":"https:\/\/www.santaritadopassaquatro.sp.gov.br\/portal\/wp-json\/wp\/v2\/posts\/12758\/revisions\/12763"}],"wp:featuredmedia":[{"embeddable":true,"href":"https:\/\/www.santaritadopassaquatro.sp.gov.br\/portal\/wp-json\/wp\/v2\/media\/12759"}],"wp:attachment":[{"href":"https:\/\/www.santaritadopassaquatro.sp.gov.br\/portal\/wp-json\/wp\/v2\/media?parent=12758"}],"wp:term":[{"taxonomy":"category","embeddable":true,"href":"https:\/\/www.santaritadopassaquatro.sp.gov.br\/portal\/wp-json\/wp\/v2\/categories?post=12758"},{"taxonomy":"post_tag","embeddable":true,"href":"https:\/\/www.santaritadopassaquatro.sp.gov.br\/portal\/wp-json\/wp\/v2\/tags?post=12758"}],"curies":[{"name":"wp","href":"https:\/\/api.w.org\/{rel}","templated":true}]}}