{"id":12764,"date":"2025-06-05T16:57:18","date_gmt":"2025-06-05T19:57:18","guid":{"rendered":"https:\/\/www.santaritadopassaquatro.sp.gov.br\/portal\/?p=12764"},"modified":"2025-07-21T16:58:41","modified_gmt":"2025-07-21T19:58:41","slug":"%f0%9f%8c%b1%f0%9f%8d%88-plantando-o-futuro","status":"publish","type":"post","link":"https:\/\/www.santaritadopassaquatro.sp.gov.br\/portal\/%f0%9f%8c%b1%f0%9f%8d%88-plantando-o-futuro\/","title":{"rendered":"\ud83c\udf31\ud83c\udf48 Plantando o Futuro!"},"content":{"rendered":"\n<p>Em comemora\u00e7\u00e3o ao Dia Mundial do Meio Ambiente (5 de junho), a Escola Municipal Jo\u00e3o Baptista da Rocha Corr\u00eaa realizou, na ter\u00e7a-feira, 3 de junho, uma a\u00e7\u00e3o muito especial: o plantio de duas mudas de goiabeira, s\u00edmbolo de vida, cuidado e sustentabilidade! \ud83d\udc9a\ud83c\udf33<br>A atividade foi realizada em parceria com o Viveiro Educativo &#8220;Pedro Edson Rezende Leit\u00e3o&#8221;, do Departamento de Agricultura e Meio Ambiente, que forneceu a muda e apoio t\u00e9cnico para que o plantio acontecesse com muito carinho e consci\u00eancia ambiental.<br>Durante a a\u00e7\u00e3o, os alunos aprenderam sobre o ciclo das plantas, a import\u00e2ncia das \u00e1rvores frut\u00edferas para o meio ambiente e como o simples ato de plantar pode contribuir para um mundo melhor. \ud83c\udf43\ud83d\udcda<br>Mais do que plantar uma \u00e1rvore, plantamos valores: respeito \u00e0 natureza, senso de responsabilidade e esperan\u00e7a em um futuro mais verde e sustent\u00e1vel para todos. \ud83c\udf0e\u2728<br>Parab\u00e9ns a todos os envolvidos nessa linda iniciativa!<\/p>\n\n\n\n<figure class=\"wp-block-gallery has-nested-images columns-default is-cropped wp-block-gallery-1 is-layout-flex wp-block-gallery-is-layout-flex\">\n<figure class=\"wp-block-image size-large\"><img decoding=\"async\" width=\"1638\" height=\"2048\" data-id=\"12767\" src=\"https:\/\/www.santaritadopassaquatro.sp.gov.br\/portal\/wp-content\/uploads\/2025\/07\/504337006_1275312901270442_2800504756771210831_n.jpg\" alt=\"\" class=\"wp-image-12767\"\/><\/figure>\n\n\n\n<figure class=\"wp-block-image size-large\"><img decoding=\"async\" width=\"1638\" height=\"2048\" data-id=\"12766\" src=\"https:\/\/www.santaritadopassaquatro.sp.gov.br\/portal\/wp-content\/uploads\/2025\/07\/504403136_1275312861270446_5471064547728007695_n.jpg\" alt=\"\" class=\"wp-image-12766\"\/><\/figure>\n\n\n\n<figure class=\"wp-block-image size-large\"><img decoding=\"async\" width=\"1638\" height=\"2048\" data-id=\"12768\" src=\"https:\/\/www.santaritadopassaquatro.sp.gov.br\/portal\/wp-content\/uploads\/2025\/07\/504557271_1275312941270438_1974632659254517670_n.jpg\" alt=\"\" class=\"wp-image-12768\"\/><\/figure>\n\n\n\n<figure class=\"wp-block-image size-large\"><img decoding=\"async\" width=\"1638\" height=\"2048\" data-id=\"12769\" src=\"https:\/\/www.santaritadopassaquatro.sp.gov.br\/portal\/wp-content\/uploads\/2025\/07\/504671717_1275312904603775_7720178540211587028_n.jpg\" alt=\"\" class=\"wp-image-12769\"\/><\/figure>\n\n\n\n<figure class=\"wp-block-image size-large\"><img decoding=\"async\" width=\"1638\" height=\"2048\" data-id=\"12770\" src=\"https:\/\/www.santaritadopassaquatro.sp.gov.br\/portal\/wp-content\/uploads\/2025\/07\/504716884_1275312947937104_3405986439942219943_n.jpg\" alt=\"\" class=\"wp-image-12770\"\/><\/figure>\n<\/figure>\n","protected":false},"excerpt":{"rendered":"<p>Em comemora\u00e7\u00e3o ao Dia Mundial do Meio Ambiente (5 de junho), a Escola Municipal Jo\u00e3o Baptista da Rocha Corr\u00eaa realizou,<\/p>\n","protected":false},"author":1,"featured_media":12765,"comment_status":"closed","ping_status":"open","sticky":false,"template":"","format":"standard","meta":{"footnotes":""},"categories":[53],"tags":[],"class_list":["post-12764","post","type-post","status-publish","format-standard","has-post-thumbnail","hentry","category-meio-ambiente"],"_links":{"self":[{"href":"https:\/\/www.santaritadopassaquatro.sp.gov.br\/portal\/wp-json\/wp\/v2\/posts\/12764","targetHints":{"allow":["GET"]}}],"collection":[{"href":"https:\/\/www.santaritadopassaquatro.sp.gov.br\/portal\/wp-json\/wp\/v2\/posts"}],"about":[{"href":"https:\/\/www.santaritadopassaquatro.sp.gov.br\/portal\/wp-json\/wp\/v2\/types\/post"}],"author":[{"embeddable":true,"href":"https:\/\/www.santaritadopassaquatro.sp.gov.br\/portal\/wp-json\/wp\/v2\/users\/1"}],"replies":[{"embeddable":true,"href":"https:\/\/www.santaritadopassaquatro.sp.gov.br\/portal\/wp-json\/wp\/v2\/comments?post=12764"}],"version-history":[{"count":1,"href":"https:\/\/www.santaritadopassaquatro.sp.gov.br\/portal\/wp-json\/wp\/v2\/posts\/12764\/revisions"}],"predecessor-version":[{"id":12771,"href":"https:\/\/www.santaritadopassaquatro.sp.gov.br\/portal\/wp-json\/wp\/v2\/posts\/12764\/revisions\/12771"}],"wp:featuredmedia":[{"embeddable":true,"href":"https:\/\/www.santaritadopassaquatro.sp.gov.br\/portal\/wp-json\/wp\/v2\/media\/12765"}],"wp:attachment":[{"href":"https:\/\/www.santaritadopassaquatro.sp.gov.br\/portal\/wp-json\/wp\/v2\/media?parent=12764"}],"wp:term":[{"taxonomy":"category","embeddable":true,"href":"https:\/\/www.santaritadopassaquatro.sp.gov.br\/portal\/wp-json\/wp\/v2\/categories?post=12764"},{"taxonomy":"post_tag","embeddable":true,"href":"https:\/\/www.santaritadopassaquatro.sp.gov.br\/portal\/wp-json\/wp\/v2\/tags?post=12764"}],"curies":[{"name":"wp","href":"https:\/\/api.w.org\/{rel}","templated":true}]}}