{"id":12772,"date":"2025-06-05T16:58:48","date_gmt":"2025-06-05T19:58:48","guid":{"rendered":"https:\/\/www.santaritadopassaquatro.sp.gov.br\/portal\/?p=12772"},"modified":"2025-07-21T17:00:44","modified_gmt":"2025-07-21T20:00:44","slug":"%f0%9f%8c%b1-dia-do-meio-ambiente-com-aventura-arte-e-consciencia-%f0%9f%8e%ad%f0%9f%8c%b3","status":"publish","type":"post","link":"https:\/\/www.santaritadopassaquatro.sp.gov.br\/portal\/%f0%9f%8c%b1-dia-do-meio-ambiente-com-aventura-arte-e-consciencia-%f0%9f%8e%ad%f0%9f%8c%b3\/","title":{"rendered":"\ud83c\udf31 Dia do Meio Ambiente com Aventura, Arte e Consci\u00eancia! \ud83c\udfad\ud83c\udf33"},"content":{"rendered":"\n<p>Nesta quinta-feira 05\/06, o Departamento de Agricultura e Meio Ambiente, em parceria com o Parque Estadual Vassununga, promoveu uma manh\u00e3 inesquec\u00edvel em comemora\u00e7\u00e3o ao Dia Mundial do Meio Ambiente! \ud83d\udc9a<br>Os alunos dos 3\u00ba anos A e B da Escola Municipal &#8220;Laura Suriani Barbuio&#8221; viveram uma verdadeira imers\u00e3o na natureza com a realiza\u00e7\u00e3o da encantadora Trilha do Jequitib\u00e1, onde aprenderam sobre a biodiversidade local e a import\u00e2ncia da preserva\u00e7\u00e3o ambiental. \ud83c\udf3f\ud83d\udc63<br>E a arte deu o tom da sensibiliza\u00e7\u00e3o: o artista Kacire Ema encantou o p\u00fablico com a performance \u201cSangra D\u2019\u00e1gua conta O Homem P\u00e1ssaro\u201d, da Cia. Mandr\u00e1gora, dirigida por Fabi Ara\u00fajo. Inspirada em nomes como Manoel de Barros e Luiz Gonzaga, a apresenta\u00e7\u00e3o narra a cria\u00e7\u00e3o de um ser mitol\u00f3gico \u2014 o Assum Preto, uma figura protetora das \u00e1rvores das florestas, que conta hist\u00f3rias de gente que virou bicho. \ud83d\udd4a\ufe0f\ud83c\udf33<br>A Cia. Mandr\u00e1gora \u00e9 um grupo de pesquisa teatral e produ\u00e7\u00e3o cultural que investiga a rela\u00e7\u00e3o entre as artes da cena e a ecologia, trazendo \u00e0 cena temas urgentes de forma po\u00e9tica, cr\u00edtica e sens\u00edvel.<br>Foi um dia de aprendizado, encantamento e conex\u00e3o profunda com a natureza! Que essas sementes plantadas hoje flores\u00e7am em a\u00e7\u00f5es conscientes no futuro! \ud83c\udf3b\ud83d\udca7<br>\ud83d\udcf8 Confira alguns momentos dessa experi\u00eancia incr\u00edvel!<\/p>\n\n\n\n<figure class=\"wp-block-gallery has-nested-images columns-default is-cropped wp-block-gallery-1 is-layout-flex wp-block-gallery-is-layout-flex\">\n<figure class=\"wp-block-image size-full\"><img decoding=\"async\" width=\"1638\" height=\"2048\" data-id=\"12777\" src=\"https:\/\/www.santaritadopassaquatro.sp.gov.br\/portal\/wp-content\/uploads\/2025\/07\/504099719_1275284137939985_1189206969065976571_n.jpg\" alt=\"\" class=\"wp-image-12777\"\/><\/figure>\n\n\n\n<figure class=\"wp-block-image size-full\"><img decoding=\"async\" width=\"1638\" height=\"2048\" data-id=\"12778\" src=\"https:\/\/www.santaritadopassaquatro.sp.gov.br\/portal\/wp-content\/uploads\/2025\/07\/504308373_1275284084606657_8297573067648369220_n.jpg\" alt=\"\" class=\"wp-image-12778\"\/><\/figure>\n\n\n\n<figure class=\"wp-block-image size-full\"><img decoding=\"async\" width=\"1638\" height=\"2048\" data-id=\"12775\" src=\"https:\/\/www.santaritadopassaquatro.sp.gov.br\/portal\/wp-content\/uploads\/2025\/07\/504336659_1275284101273322_8037696192822985917_n.jpg\" alt=\"\" class=\"wp-image-12775\"\/><\/figure>\n\n\n\n<figure class=\"wp-block-image size-full\"><img decoding=\"async\" width=\"1638\" height=\"2048\" data-id=\"12776\" src=\"https:\/\/www.santaritadopassaquatro.sp.gov.br\/portal\/wp-content\/uploads\/2025\/07\/504349778_1275284001273332_2993649095836262343_n.jpg\" alt=\"\" class=\"wp-image-12776\"\/><\/figure>\n\n\n\n<figure class=\"wp-block-image size-full\"><img decoding=\"async\" width=\"1638\" height=\"2048\" data-id=\"12779\" src=\"https:\/\/www.santaritadopassaquatro.sp.gov.br\/portal\/wp-content\/uploads\/2025\/07\/504353693_1275284031273329_4420958921279243134_n.jpg\" alt=\"\" class=\"wp-image-12779\"\/><\/figure>\n\n\n\n<figure class=\"wp-block-image size-full\"><img decoding=\"async\" width=\"1638\" height=\"2048\" data-id=\"12774\" src=\"https:\/\/www.santaritadopassaquatro.sp.gov.br\/portal\/wp-content\/uploads\/2025\/07\/504359210_1275284151273317_9217028931891499601_n-1.jpg\" alt=\"\" class=\"wp-image-12774\"\/><\/figure>\n\n\n\n<figure class=\"wp-block-image size-full\"><img decoding=\"async\" width=\"1638\" height=\"2048\" data-id=\"12780\" src=\"https:\/\/www.santaritadopassaquatro.sp.gov.br\/portal\/wp-content\/uploads\/2025\/07\/504392713_1275284157939983_6120120048037795465_n.jpg\" alt=\"\" class=\"wp-image-12780\"\/><\/figure>\n<\/figure>\n","protected":false},"excerpt":{"rendered":"<p>Nesta quinta-feira 05\/06, o Departamento de Agricultura e Meio Ambiente, em parceria com o Parque Estadual Vassununga, promoveu uma manh\u00e3<\/p>\n","protected":false},"author":1,"featured_media":12773,"comment_status":"closed","ping_status":"open","sticky":false,"template":"","format":"standard","meta":{"footnotes":""},"categories":[53],"tags":[],"class_list":["post-12772","post","type-post","status-publish","format-standard","has-post-thumbnail","hentry","category-meio-ambiente"],"_links":{"self":[{"href":"https:\/\/www.santaritadopassaquatro.sp.gov.br\/portal\/wp-json\/wp\/v2\/posts\/12772","targetHints":{"allow":["GET"]}}],"collection":[{"href":"https:\/\/www.santaritadopassaquatro.sp.gov.br\/portal\/wp-json\/wp\/v2\/posts"}],"about":[{"href":"https:\/\/www.santaritadopassaquatro.sp.gov.br\/portal\/wp-json\/wp\/v2\/types\/post"}],"author":[{"embeddable":true,"href":"https:\/\/www.santaritadopassaquatro.sp.gov.br\/portal\/wp-json\/wp\/v2\/users\/1"}],"replies":[{"embeddable":true,"href":"https:\/\/www.santaritadopassaquatro.sp.gov.br\/portal\/wp-json\/wp\/v2\/comments?post=12772"}],"version-history":[{"count":1,"href":"https:\/\/www.santaritadopassaquatro.sp.gov.br\/portal\/wp-json\/wp\/v2\/posts\/12772\/revisions"}],"predecessor-version":[{"id":12781,"href":"https:\/\/www.santaritadopassaquatro.sp.gov.br\/portal\/wp-json\/wp\/v2\/posts\/12772\/revisions\/12781"}],"wp:featuredmedia":[{"embeddable":true,"href":"https:\/\/www.santaritadopassaquatro.sp.gov.br\/portal\/wp-json\/wp\/v2\/media\/12773"}],"wp:attachment":[{"href":"https:\/\/www.santaritadopassaquatro.sp.gov.br\/portal\/wp-json\/wp\/v2\/media?parent=12772"}],"wp:term":[{"taxonomy":"category","embeddable":true,"href":"https:\/\/www.santaritadopassaquatro.sp.gov.br\/portal\/wp-json\/wp\/v2\/categories?post=12772"},{"taxonomy":"post_tag","embeddable":true,"href":"https:\/\/www.santaritadopassaquatro.sp.gov.br\/portal\/wp-json\/wp\/v2\/tags?post=12772"}],"curies":[{"name":"wp","href":"https:\/\/api.w.org\/{rel}","templated":true}]}}