{"id":12782,"date":"2025-06-05T17:01:45","date_gmt":"2025-06-05T20:01:45","guid":{"rendered":"https:\/\/www.santaritadopassaquatro.sp.gov.br\/portal\/?p=12782"},"modified":"2025-07-21T17:02:26","modified_gmt":"2025-07-21T20:02:26","slug":"%f0%9f%8c%8d-dia-mundial-do-meio-ambiente-santa-rita-do-passa-quatro-em-acao-pela-preservacao-%f0%9f%8c%bf","status":"publish","type":"post","link":"https:\/\/www.santaritadopassaquatro.sp.gov.br\/portal\/%f0%9f%8c%8d-dia-mundial-do-meio-ambiente-santa-rita-do-passa-quatro-em-acao-pela-preservacao-%f0%9f%8c%bf\/","title":{"rendered":"\ud83c\udf0d Dia Mundial do Meio Ambiente: Santa Rita do Passa Quatro em a\u00e7\u00e3o pela preserva\u00e7\u00e3o! \ud83c\udf3f"},"content":{"rendered":"\n<p>Neste 5 de junho, Dia Mundial do Meio Ambiente, o Departamento de Agricultura e Meio Ambiente de Santa Rita do Passa Quatro refor\u00e7a seu compromisso com a sustentabilidade, a educa\u00e7\u00e3o ambiental e o cuidado com o nosso patrim\u00f4nio natural.<br>\ud83c\udf31 Ao longo do ano, diversas a\u00e7\u00f5es s\u00e3o realizadas para aproximar a comunidade da natureza e estimular a consci\u00eancia ecol\u00f3gica. Entre os destaques, est\u00e3o:<br>\ud83c\udf3f Educa\u00e7\u00e3o ambiental com crian\u00e7as da rede municipal, promovida pelo Departamento no Espa\u00e7o de Educa\u00e7\u00e3o Ambiental e no Viveiro Municipal, onde elas aprendem, plantam e vivenciam o ciclo das plantas e os mais diversos assuntos ambientais.<br>\ud83e\udd55 Atividades tamb\u00e9m s\u00e3o realizadas nas hortas escolares, integrando alimenta\u00e7\u00e3o saud\u00e1vel, cuidado com a terra e responsabilidade ambiental.<br>\u2714\ufe0f A doa\u00e7\u00e3o de mudas nativas e frut\u00edferas para a popula\u00e7\u00e3o;<br>\u2714\ufe0f O plantio de \u00e1rvores em \u00e1reas de preserva\u00e7\u00e3o permanente (APPs), contribuindo para a recupera\u00e7\u00e3o e prote\u00e7\u00e3o do meio ambiente;<br>\ud83d\udd0b O recolhimento de pilhas e baterias em pontos estrat\u00e9gicos da cidade, garantindo o descarte ambientalmente correto desses res\u00edduos perigosos.<br>\u2714\ufe0fPalestras e atividades desenvolvidas em parceria com o Sindicato Rural, COMASA, Pol\u00edcia Ambiental, Parque Estadual Vassununga, Corpo de Bombeiros, entre outros.<br>\ud83c\udf32 E n\u00e3o podemos deixar de mencionar o nosso orgulho: o Parque Estadual Vassununga, tamb\u00e9m sob gest\u00e3o estadual, abriga um dos maiores jequitib\u00e1s-rosa do Brasil \u2013 uma \u00e1rvore monumental que simboliza a grandiosidade e a resist\u00eancia da nossa biodiversidade, e a disponibiliza\u00e7\u00e3o gratuita de \u00e1gua pot\u00e1vel no Horto Florestal, \u00e1rea de responsabilidade estadual que integra o territ\u00f3rio do munic\u00edpio e serve como espa\u00e7o de lazer e contato com a natureza.\ud83d\udeb0<br>\ud83c\udf0e Neste Dia Mundial do Meio Ambiente, Santa Rita do Passa Quatro mostra que preservar \u00e9 agir todos os dias. E o Departamento de Agricultura e Meio Ambiente segue firme na miss\u00e3o de cuidar, educar e transformar, sempre em parceria com a comunidade.<\/p>\n","protected":false},"excerpt":{"rendered":"<p>Neste 5 de junho, Dia Mundial do Meio Ambiente, o Departamento de Agricultura e Meio Ambiente de Santa Rita do<\/p>\n","protected":false},"author":1,"featured_media":12783,"comment_status":"closed","ping_status":"open","sticky":false,"template":"","format":"standard","meta":{"footnotes":""},"categories":[53],"tags":[],"class_list":["post-12782","post","type-post","status-publish","format-standard","has-post-thumbnail","hentry","category-meio-ambiente"],"_links":{"self":[{"href":"https:\/\/www.santaritadopassaquatro.sp.gov.br\/portal\/wp-json\/wp\/v2\/posts\/12782","targetHints":{"allow":["GET"]}}],"collection":[{"href":"https:\/\/www.santaritadopassaquatro.sp.gov.br\/portal\/wp-json\/wp\/v2\/posts"}],"about":[{"href":"https:\/\/www.santaritadopassaquatro.sp.gov.br\/portal\/wp-json\/wp\/v2\/types\/post"}],"author":[{"embeddable":true,"href":"https:\/\/www.santaritadopassaquatro.sp.gov.br\/portal\/wp-json\/wp\/v2\/users\/1"}],"replies":[{"embeddable":true,"href":"https:\/\/www.santaritadopassaquatro.sp.gov.br\/portal\/wp-json\/wp\/v2\/comments?post=12782"}],"version-history":[{"count":1,"href":"https:\/\/www.santaritadopassaquatro.sp.gov.br\/portal\/wp-json\/wp\/v2\/posts\/12782\/revisions"}],"predecessor-version":[{"id":12784,"href":"https:\/\/www.santaritadopassaquatro.sp.gov.br\/portal\/wp-json\/wp\/v2\/posts\/12782\/revisions\/12784"}],"wp:featuredmedia":[{"embeddable":true,"href":"https:\/\/www.santaritadopassaquatro.sp.gov.br\/portal\/wp-json\/wp\/v2\/media\/12783"}],"wp:attachment":[{"href":"https:\/\/www.santaritadopassaquatro.sp.gov.br\/portal\/wp-json\/wp\/v2\/media?parent=12782"}],"wp:term":[{"taxonomy":"category","embeddable":true,"href":"https:\/\/www.santaritadopassaquatro.sp.gov.br\/portal\/wp-json\/wp\/v2\/categories?post=12782"},{"taxonomy":"post_tag","embeddable":true,"href":"https:\/\/www.santaritadopassaquatro.sp.gov.br\/portal\/wp-json\/wp\/v2\/tags?post=12782"}],"curies":[{"name":"wp","href":"https:\/\/api.w.org\/{rel}","templated":true}]}}