{"id":12789,"date":"2025-06-03T17:15:44","date_gmt":"2025-06-03T20:15:44","guid":{"rendered":"https:\/\/www.santaritadopassaquatro.sp.gov.br\/portal\/?p=12789"},"modified":"2025-07-21T17:16:47","modified_gmt":"2025-07-21T20:16:47","slug":"%e2%9a%a0%ef%b8%8f-atencao-produtores-e-usuarios-de-agrotoxicos-%e2%9a%a0%ef%b8%8f","status":"publish","type":"post","link":"https:\/\/www.santaritadopassaquatro.sp.gov.br\/portal\/%e2%9a%a0%ef%b8%8f-atencao-produtores-e-usuarios-de-agrotoxicos-%e2%9a%a0%ef%b8%8f\/","title":{"rendered":"\u26a0\ufe0f Aten\u00e7\u00e3o, Produtores e Usu\u00e1rios de Agrot\u00f3xicos! \u26a0\ufe0f"},"content":{"rendered":"\n<p>A CATI \u2013 Casa da Agricultura de Santa Rita do Passa Quatro refor\u00e7a a import\u00e2ncia do descarte correto das embalagens de agrot\u00f3xicos, uma a\u00e7\u00e3o fundamental para a prote\u00e7\u00e3o do meio ambiente, da sa\u00fade humana e da agricultura respons\u00e1vel.<br>\ud83d\ude9c Voc\u00ea sabia? O descarte irregular de embalagens de agrot\u00f3xicos pode causar contamina\u00e7\u00e3o do solo, da \u00e1gua e trazer s\u00e9rios riscos \u00e0 sa\u00fade. Por isso, \u00e9 obrigat\u00f3rio seguir as orienta\u00e7\u00f5es t\u00e9cnicas e legais para o manejo dessas embalagens.<br>\ud83d\udce6 O que deve ser feito com as embalagens vazias?<br>\u2705 Tr\u00edplice lavagem ou lavagem sob press\u00e3o imediatamente ap\u00f3s o esvaziamento do produto (conforme instru\u00e7\u00f5es do r\u00f3tulo).<br>\u2705 Furar o fundo das embalagens para que n\u00e3o sejam reutilizadas.<br>\u2705 Armazenar em local seguro e identificado at\u00e9 a devolu\u00e7\u00e3o.<br>\u2705 Devolver as embalagens vazias no posto de recebimento indicado no prazo de at\u00e9 1 ano ap\u00f3s a compra do produto, junto com a nota fiscal de aquisi\u00e7\u00e3o.<br>\ud83d\udcde Telefone para informa\u00e7\u00f5es e orienta\u00e7\u00f5es:<br>\ud83d\udcde(16) 3954-1016<br>\ud83d\udcde(16) 3610-8228<br>\ud83d\udccc Importante: A devolu\u00e7\u00e3o das embalagens \u00e9 uma obriga\u00e7\u00e3o legal (Lei Federal n\u00ba 9.974\/2000 e Decreto n\u00ba 4.074\/2002) e responsabilidade compartilhada entre agricultor, fabricante, revendedor e poder p\u00fablico.<br>\ud83c\udf31 Preservar o meio ambiente \u00e9 um dever de todos. Fa\u00e7a sua parte!<\/p>\n","protected":false},"excerpt":{"rendered":"<p>A CATI \u2013 Casa da Agricultura de Santa Rita do Passa Quatro refor\u00e7a a import\u00e2ncia do descarte correto das embalagens<\/p>\n","protected":false},"author":1,"featured_media":12790,"comment_status":"closed","ping_status":"open","sticky":false,"template":"","format":"standard","meta":{"footnotes":""},"categories":[47,53],"tags":[],"class_list":["post-12789","post","type-post","status-publish","format-standard","has-post-thumbnail","hentry","category-desenvovimento","category-meio-ambiente"],"_links":{"self":[{"href":"https:\/\/www.santaritadopassaquatro.sp.gov.br\/portal\/wp-json\/wp\/v2\/posts\/12789","targetHints":{"allow":["GET"]}}],"collection":[{"href":"https:\/\/www.santaritadopassaquatro.sp.gov.br\/portal\/wp-json\/wp\/v2\/posts"}],"about":[{"href":"https:\/\/www.santaritadopassaquatro.sp.gov.br\/portal\/wp-json\/wp\/v2\/types\/post"}],"author":[{"embeddable":true,"href":"https:\/\/www.santaritadopassaquatro.sp.gov.br\/portal\/wp-json\/wp\/v2\/users\/1"}],"replies":[{"embeddable":true,"href":"https:\/\/www.santaritadopassaquatro.sp.gov.br\/portal\/wp-json\/wp\/v2\/comments?post=12789"}],"version-history":[{"count":1,"href":"https:\/\/www.santaritadopassaquatro.sp.gov.br\/portal\/wp-json\/wp\/v2\/posts\/12789\/revisions"}],"predecessor-version":[{"id":12791,"href":"https:\/\/www.santaritadopassaquatro.sp.gov.br\/portal\/wp-json\/wp\/v2\/posts\/12789\/revisions\/12791"}],"wp:featuredmedia":[{"embeddable":true,"href":"https:\/\/www.santaritadopassaquatro.sp.gov.br\/portal\/wp-json\/wp\/v2\/media\/12790"}],"wp:attachment":[{"href":"https:\/\/www.santaritadopassaquatro.sp.gov.br\/portal\/wp-json\/wp\/v2\/media?parent=12789"}],"wp:term":[{"taxonomy":"category","embeddable":true,"href":"https:\/\/www.santaritadopassaquatro.sp.gov.br\/portal\/wp-json\/wp\/v2\/categories?post=12789"},{"taxonomy":"post_tag","embeddable":true,"href":"https:\/\/www.santaritadopassaquatro.sp.gov.br\/portal\/wp-json\/wp\/v2\/tags?post=12789"}],"curies":[{"name":"wp","href":"https:\/\/api.w.org\/{rel}","templated":true}]}}