{"id":1286,"date":"2019-04-26T14:10:34","date_gmt":"2019-04-26T17:10:34","guid":{"rendered":"http:\/\/www.santaritadopassaquatro.sp.gov.br\/portal\/?p=1286"},"modified":"2019-04-26T14:10:34","modified_gmt":"2019-04-26T17:10:34","slug":"tiro-de-guerra-comemora-o-dia-do-exercito","status":"publish","type":"post","link":"https:\/\/www.santaritadopassaquatro.sp.gov.br\/portal\/tiro-de-guerra-comemora-o-dia-do-exercito\/","title":{"rendered":"Tiro de Guerra comemora o Dia do Ex\u00e9rcito"},"content":{"rendered":"<p><img decoding=\"async\" class=\"alignnone size-medium wp-image-1290 alignleft\" src=\"http:\/\/www.santaritadopassaquatro.sp.gov.br\/portal\/wp-content\/uploads\/2019\/04\/dia_exercito3-300x200.jpg\" alt=\"\" width=\"300\" height=\"200\" srcset=\"https:\/\/www.santaritadopassaquatro.sp.gov.br\/portal\/wp-content\/uploads\/2019\/04\/dia_exercito3-300x200.jpg 300w, https:\/\/www.santaritadopassaquatro.sp.gov.br\/portal\/wp-content\/uploads\/2019\/04\/dia_exercito3-768x512.jpg 768w, https:\/\/www.santaritadopassaquatro.sp.gov.br\/portal\/wp-content\/uploads\/2019\/04\/dia_exercito3-1024x683.jpg 1024w\" sizes=\"(max-width: 300px) 100vw, 300px\" \/>Foi comemorado em 18 de abril, o Dia do Ex\u00e9rcito, com uma formatura realizada na sede do Tiro de Guerra 02-077. A data faz refer\u00eancia \u00e0 1\u00aa Batalha de Guararapes, ocorrida em 19 de abril de 1648, quando os brancos, \u00edndios e negros lutaram pelo fim das invas\u00f5es holandesas no Nordeste brasileiro.<\/p>\n<p>A formatura foi presidida pelo 1\u00ba Sargento DAMI\u00c3O RIBEIRO ALVES, Chefe da Instru\u00e7\u00e3o acompanhado do Ilmo. Sr Capit\u00e3o QAO\/R1 Adm G\/Intend\u00eancia HUGO BATISTA DE SOUZA, do Ilmo Sr AD\u00c9LCIO APARECIDO CADEU, Bombeiro Municipal da Base do Corpo de Bombeiros de Porto Ferreira-SP, do Ilmo. Pr ROG\u00c9RIO BRAGA ZULIANE representando a 1\u00aa Igreja Batista de Santa Rita do Passa Quatro, da Sra. ANDR\u00c9A CARLA RIBEIRO DE SOUSA LIMA (esposa do Sgt Dami\u00e3o) e contou com as presen\u00e7as de familiares, amigos, antigos atiradores e diversas autoridades civis e militares e houve al\u00e9m da formatura a entrega do Diploma de \u201cAMIGO DO TIRO DE GUERRA\u201d \u00e0s personalidades agraciadas em reconhecimento \u00e0s sucessivas demonstra\u00e7\u00f5es de apre\u00e7o e considera\u00e7\u00e3o, bem como aos relevantes servi\u00e7os prestados a esta Unidade do Ex\u00e9rcito Brasileiro, durante o corrente ano de instru\u00e7\u00e3o e a Entrega do distintivo do Tiro de Guerra com o Certificado ao Atirador IGOR MUSA, destaque da Instru\u00e7\u00e3o do m\u00eas de mar\u00e7o de 2019.\u00a0<img decoding=\"async\" class=\"alignnone size-medium wp-image-1287 alignright\" src=\"http:\/\/www.santaritadopassaquatro.sp.gov.br\/portal\/wp-content\/uploads\/2019\/04\/dia_exercito-300x200.jpg\" alt=\"\" width=\"300\" height=\"200\" srcset=\"https:\/\/www.santaritadopassaquatro.sp.gov.br\/portal\/wp-content\/uploads\/2019\/04\/dia_exercito-300x200.jpg 300w, https:\/\/www.santaritadopassaquatro.sp.gov.br\/portal\/wp-content\/uploads\/2019\/04\/dia_exercito-768x512.jpg 768w, https:\/\/www.santaritadopassaquatro.sp.gov.br\/portal\/wp-content\/uploads\/2019\/04\/dia_exercito-1024x683.jpg 1024w\" sizes=\"(max-width: 300px) 100vw, 300px\" \/><\/p>\n<p>\u201c&#8230;\u00e9 o Ex\u00e9rcito Brasileiro, representado na Est\u00e2ncia Clim\u00e1tica de Santa Rita do Passa Quatro, pelo Tiro de Guerra 02-077, escola de civismo e cidadania, estreitando la\u00e7os de amizade, companheirismo e lealdade.\u201d<\/p>\n<p><strong>\u00a0<\/strong><\/p>\n","protected":false},"excerpt":{"rendered":"<p>Foi comemorado em 18 de abril, o Dia do Ex\u00e9rcito, com uma formatura realizada na sede do Tiro de Guerra<\/p>\n","protected":false},"author":1,"featured_media":0,"comment_status":"closed","ping_status":"open","sticky":false,"template":"","format":"standard","meta":{"footnotes":""},"categories":[44,36],"tags":[],"class_list":["post-1286","post","type-post","status-publish","format-standard","hentry","category-cidades","category-tiro-de-guerra"],"_links":{"self":[{"href":"https:\/\/www.santaritadopassaquatro.sp.gov.br\/portal\/wp-json\/wp\/v2\/posts\/1286","targetHints":{"allow":["GET"]}}],"collection":[{"href":"https:\/\/www.santaritadopassaquatro.sp.gov.br\/portal\/wp-json\/wp\/v2\/posts"}],"about":[{"href":"https:\/\/www.santaritadopassaquatro.sp.gov.br\/portal\/wp-json\/wp\/v2\/types\/post"}],"author":[{"embeddable":true,"href":"https:\/\/www.santaritadopassaquatro.sp.gov.br\/portal\/wp-json\/wp\/v2\/users\/1"}],"replies":[{"embeddable":true,"href":"https:\/\/www.santaritadopassaquatro.sp.gov.br\/portal\/wp-json\/wp\/v2\/comments?post=1286"}],"version-history":[{"count":1,"href":"https:\/\/www.santaritadopassaquatro.sp.gov.br\/portal\/wp-json\/wp\/v2\/posts\/1286\/revisions"}],"predecessor-version":[{"id":1291,"href":"https:\/\/www.santaritadopassaquatro.sp.gov.br\/portal\/wp-json\/wp\/v2\/posts\/1286\/revisions\/1291"}],"wp:attachment":[{"href":"https:\/\/www.santaritadopassaquatro.sp.gov.br\/portal\/wp-json\/wp\/v2\/media?parent=1286"}],"wp:term":[{"taxonomy":"category","embeddable":true,"href":"https:\/\/www.santaritadopassaquatro.sp.gov.br\/portal\/wp-json\/wp\/v2\/categories?post=1286"},{"taxonomy":"post_tag","embeddable":true,"href":"https:\/\/www.santaritadopassaquatro.sp.gov.br\/portal\/wp-json\/wp\/v2\/tags?post=1286"}],"curies":[{"name":"wp","href":"https:\/\/api.w.org\/{rel}","templated":true}]}}