{"id":12918,"date":"2025-08-27T16:55:43","date_gmt":"2025-08-27T19:55:43","guid":{"rendered":"https:\/\/www.santaritadopassaquatro.sp.gov.br\/portal\/?p=12918"},"modified":"2025-08-27T16:55:44","modified_gmt":"2025-08-27T19:55:44","slug":"%f0%9f%a5%95%f0%9f%8c%b1-horta-escolar-na-emef-joao-baptista-da-rocha-correa-%f0%9f%8c%b1%f0%9f%a5%95-%f0%9f%8c%8d%f0%9f%92%9a","status":"publish","type":"post","link":"https:\/\/www.santaritadopassaquatro.sp.gov.br\/portal\/%f0%9f%a5%95%f0%9f%8c%b1-horta-escolar-na-emef-joao-baptista-da-rocha-correa-%f0%9f%8c%b1%f0%9f%a5%95-%f0%9f%8c%8d%f0%9f%92%9a\/","title":{"rendered":"\ud83e\udd55\ud83c\udf31 Horta Escolar na EMEF Jo\u00e3o Baptista da Rocha Corr\u00eaa \ud83c\udf31\ud83e\udd55 \ud83c\udf0d\ud83d\udc9a"},"content":{"rendered":"\n<p>A alimenta\u00e7\u00e3o saud\u00e1vel e a educa\u00e7\u00e3o ambiental caminham juntas em Santa Rita do Passa Quatro!\ud83e\udd55\ud83c\udf31 Horta Escolar na EMEF Jo\u00e3o Baptista da Rocha Corr\u00eaa \ud83c\udf31\ud83e\udd55<br>A alimenta\u00e7\u00e3o saud\u00e1vel e a educa\u00e7\u00e3o ambiental caminham juntas em Santa Rita do Passa Quatro! \ud83c\udf0d\ud83d\udc9a<br>Na EMEF Jo\u00e3o Baptista da Rocha Corr\u00eaa, os alunos est\u00e3o vivenciando na pr\u00e1tica a import\u00e2ncia de cultivar seus pr\u00f3prios alimentos por meio da horta escolar. As aulas s\u00e3o ministradas pelo servidor Amauri Luizio Restaino, do Viveiro Municipal Educativo &#8220;Professor Edson Pedro Rezende Leit\u00e3o&#8221;, que orienta as crian\u00e7as sobre plantio, cuidado com a terra e sustentabilidade. \ud83c\udf3f\ud83d\udc69\u200d\ud83c\udf3e\ud83d\udc68\u200d\ud83c\udf3e<br>\ud83c\udf45 Benef\u00edcios para os alunos:<br>\u2705 Aprendem sobre o ciclo dos alimentos e a preserva\u00e7\u00e3o do meio ambiente.<br>\u2705 Desenvolvem h\u00e1bitos alimentares mais saud\u00e1veis.<br>\u2705 Participam ativamente do cuidado com a horta.<br>Toda a colheita ser\u00e1 utilizada na alimenta\u00e7\u00e3o escolar, garantindo refei\u00e7\u00f5es mais frescas e nutritivas. E o que sobrar ser\u00e1 levado pelos pr\u00f3prios alunos para casa, fortalecendo o v\u00ednculo entre escola, fam\u00edlia e comunidade. \ud83e\udd6c\ud83c\udfe1<br>\ud83c\udf31 Projetos como este refor\u00e7am o compromisso da Educa\u00e7\u00e3o e do Meio Ambiente em formar cidad\u00e3os mais conscientes, saud\u00e1veis e conectados com a natureza.<\/p>\n\n\n\n<figure class=\"wp-block-gallery has-nested-images columns-default is-cropped wp-block-gallery-1 is-layout-flex wp-block-gallery-is-layout-flex\">\n<figure class=\"wp-block-image size-large\"><img decoding=\"async\" width=\"1280\" height=\"1600\" data-id=\"12919\" src=\"https:\/\/www.santaritadopassaquatro.sp.gov.br\/portal\/wp-content\/uploads\/2025\/08\/WhatsApp-Image-2025-08-27-at-16.43.30-1.jpeg\" alt=\"\" class=\"wp-image-12919\"\/><\/figure>\n\n\n\n<figure class=\"wp-block-image size-large\"><img decoding=\"async\" width=\"1280\" height=\"1600\" data-id=\"12921\" src=\"https:\/\/www.santaritadopassaquatro.sp.gov.br\/portal\/wp-content\/uploads\/2025\/08\/WhatsApp-Image-2025-08-27-at-16.43.30-2.jpeg\" alt=\"\" class=\"wp-image-12921\"\/><\/figure>\n\n\n\n<figure class=\"wp-block-image size-large\"><img decoding=\"async\" width=\"1280\" height=\"1600\" data-id=\"12920\" src=\"https:\/\/www.santaritadopassaquatro.sp.gov.br\/portal\/wp-content\/uploads\/2025\/08\/WhatsApp-Image-2025-08-27-at-16.43.30-3.jpeg\" alt=\"\" class=\"wp-image-12920\"\/><\/figure>\n\n\n\n<figure class=\"wp-block-image size-large\"><img decoding=\"async\" width=\"1280\" height=\"1600\" data-id=\"12922\" src=\"https:\/\/www.santaritadopassaquatro.sp.gov.br\/portal\/wp-content\/uploads\/2025\/08\/WhatsApp-Image-2025-08-27-at-16.43.30.jpeg\" alt=\"\" class=\"wp-image-12922\"\/><\/figure>\n\n\n\n<figure class=\"wp-block-image size-large\"><img decoding=\"async\" width=\"1280\" height=\"1600\" data-id=\"12924\" src=\"https:\/\/www.santaritadopassaquatro.sp.gov.br\/portal\/wp-content\/uploads\/2025\/08\/WhatsApp-Image-2025-08-27-at-16.43.31-1.jpeg\" alt=\"\" class=\"wp-image-12924\"\/><\/figure>\n\n\n\n<figure class=\"wp-block-image size-large\"><img decoding=\"async\" width=\"1280\" height=\"1600\" data-id=\"12923\" src=\"https:\/\/www.santaritadopassaquatro.sp.gov.br\/portal\/wp-content\/uploads\/2025\/08\/WhatsApp-Image-2025-08-27-at-16.43.31-2.jpeg\" alt=\"\" class=\"wp-image-12923\"\/><\/figure>\n\n\n\n<figure class=\"wp-block-image size-large\"><img decoding=\"async\" width=\"1280\" height=\"1600\" data-id=\"12925\" src=\"https:\/\/www.santaritadopassaquatro.sp.gov.br\/portal\/wp-content\/uploads\/2025\/08\/WhatsApp-Image-2025-08-27-at-16.43.31-3.jpeg\" alt=\"\" class=\"wp-image-12925\"\/><\/figure>\n\n\n\n<figure class=\"wp-block-image size-large\"><img decoding=\"async\" width=\"1280\" height=\"1600\" data-id=\"12926\" src=\"https:\/\/www.santaritadopassaquatro.sp.gov.br\/portal\/wp-content\/uploads\/2025\/08\/WhatsApp-Image-2025-08-27-at-16.43.31-4.jpeg\" alt=\"\" class=\"wp-image-12926\"\/><\/figure>\n\n\n\n<figure class=\"wp-block-image size-large\"><img decoding=\"async\" width=\"1280\" height=\"1600\" data-id=\"12927\" src=\"https:\/\/www.santaritadopassaquatro.sp.gov.br\/portal\/wp-content\/uploads\/2025\/08\/WhatsApp-Image-2025-08-27-at-16.43.31.jpeg\" alt=\"\" class=\"wp-image-12927\"\/><\/figure>\n<\/figure>\n","protected":false},"excerpt":{"rendered":"<p>A alimenta\u00e7\u00e3o saud\u00e1vel e a educa\u00e7\u00e3o ambiental caminham juntas em Santa Rita do Passa Quatro!\ud83e\udd55\ud83c\udf31 Horta Escolar na EMEF Jo\u00e3o<\/p>\n","protected":false},"author":1,"featured_media":12928,"comment_status":"closed","ping_status":"open","sticky":false,"template":"","format":"standard","meta":{"footnotes":""},"categories":[53],"tags":[],"class_list":["post-12918","post","type-post","status-publish","format-standard","has-post-thumbnail","hentry","category-meio-ambiente"],"_links":{"self":[{"href":"https:\/\/www.santaritadopassaquatro.sp.gov.br\/portal\/wp-json\/wp\/v2\/posts\/12918","targetHints":{"allow":["GET"]}}],"collection":[{"href":"https:\/\/www.santaritadopassaquatro.sp.gov.br\/portal\/wp-json\/wp\/v2\/posts"}],"about":[{"href":"https:\/\/www.santaritadopassaquatro.sp.gov.br\/portal\/wp-json\/wp\/v2\/types\/post"}],"author":[{"embeddable":true,"href":"https:\/\/www.santaritadopassaquatro.sp.gov.br\/portal\/wp-json\/wp\/v2\/users\/1"}],"replies":[{"embeddable":true,"href":"https:\/\/www.santaritadopassaquatro.sp.gov.br\/portal\/wp-json\/wp\/v2\/comments?post=12918"}],"version-history":[{"count":1,"href":"https:\/\/www.santaritadopassaquatro.sp.gov.br\/portal\/wp-json\/wp\/v2\/posts\/12918\/revisions"}],"predecessor-version":[{"id":12929,"href":"https:\/\/www.santaritadopassaquatro.sp.gov.br\/portal\/wp-json\/wp\/v2\/posts\/12918\/revisions\/12929"}],"wp:featuredmedia":[{"embeddable":true,"href":"https:\/\/www.santaritadopassaquatro.sp.gov.br\/portal\/wp-json\/wp\/v2\/media\/12928"}],"wp:attachment":[{"href":"https:\/\/www.santaritadopassaquatro.sp.gov.br\/portal\/wp-json\/wp\/v2\/media?parent=12918"}],"wp:term":[{"taxonomy":"category","embeddable":true,"href":"https:\/\/www.santaritadopassaquatro.sp.gov.br\/portal\/wp-json\/wp\/v2\/categories?post=12918"},{"taxonomy":"post_tag","embeddable":true,"href":"https:\/\/www.santaritadopassaquatro.sp.gov.br\/portal\/wp-json\/wp\/v2\/tags?post=12918"}],"curies":[{"name":"wp","href":"https:\/\/api.w.org\/{rel}","templated":true}]}}