{"id":1292,"date":"2019-04-26T14:18:20","date_gmt":"2019-04-26T17:18:20","guid":{"rendered":"http:\/\/www.santaritadopassaquatro.sp.gov.br\/portal\/?p=1292"},"modified":"2019-04-26T14:18:20","modified_gmt":"2019-04-26T17:18:20","slug":"sem-vitorias-santa-rita-da-adeus-a-taca-eptv-de-futsal","status":"publish","type":"post","link":"https:\/\/www.santaritadopassaquatro.sp.gov.br\/portal\/sem-vitorias-santa-rita-da-adeus-a-taca-eptv-de-futsal\/","title":{"rendered":"Sem vit\u00f3rias, Santa Rita d\u00e1 adeus \u00e0 Ta\u00e7a EPTV de Futsal"},"content":{"rendered":"<p><strong><em>Foram tr\u00eas derrotas em tr\u00eas jogos e a cidade campe\u00e3 de 2014 se despede da competi\u00e7\u00e3o<\/em><\/strong><\/p>\n<p>&nbsp;<\/p>\n<p><img decoding=\"async\" class=\"alignnone size-medium wp-image-1130 alignleft\" src=\"http:\/\/www.santaritadopassaquatro.sp.gov.br\/portal\/wp-content\/uploads\/2019\/04\/Time_EPTV-300x169.jpg\" alt=\"\" width=\"300\" height=\"169\" srcset=\"https:\/\/www.santaritadopassaquatro.sp.gov.br\/portal\/wp-content\/uploads\/2019\/04\/Time_EPTV-300x169.jpg 300w, https:\/\/www.santaritadopassaquatro.sp.gov.br\/portal\/wp-content\/uploads\/2019\/04\/Time_EPTV-768x433.jpg 768w, https:\/\/www.santaritadopassaquatro.sp.gov.br\/portal\/wp-content\/uploads\/2019\/04\/Time_EPTV-1024x577.jpg 1024w, https:\/\/www.santaritadopassaquatro.sp.gov.br\/portal\/wp-content\/uploads\/2019\/04\/Time_EPTV.jpg 1170w\" sizes=\"(max-width: 300px) 100vw, 300px\" \/>Com tr\u00eas derrotas em tr\u00eas jogos, na fase de classifica\u00e7\u00e3o, Santa Rita do Passa Quatro \u00e9 eliminada na 23\u00aa Ta\u00e7a EPTV Central de Futsal, da Regi\u00e3o Central. O time do Departamento Municipal de Esportes voltou \u00e0 quadra na \u00faltima quinta-feira (55\/4), contra Santa Cruz da Concei\u00e7\u00e3o, e perdeu pais uma vez. A partida em S\u00e3o Jo\u00e3o da Boa Vista, terminou como placar negativo de 8 a 2.<\/p>\n<p>No retrospecto da competi\u00e7\u00e3o, Santa Rita perdeu na estreia, de virada, por 2 a 1, para Mococa. No segundo jogo da equipe do DME foi derrotada, por 6 a 4, por Vargem Grande do Sul.<\/p>\n<p>A 23\u00aa Ta\u00e7a EPTV Central de Futsal, da Regi\u00e3o Central conta com 33 equipes inscritas, que est\u00e3o divididas em dez chaves. Santa Rita disputou o Grupo 10, com Vargem Grande do Sul, Santa Cruz da Concei\u00e7\u00e3o e Mococa. Os dois melhores de cada grupo avan\u00e7am. Ser\u00e3o duas fases de classifica\u00e7\u00e3o e depois se inicia o mata-mata at\u00e9 a final, prevista para o dia 1\u00ba de junho.<\/p>\n<p>Criado em 1985, a Ta\u00e7a EPTV come\u00e7ou a ser disputado na regi\u00e3o de S\u00e3o Carlos e Araraquara em 1990 e tem S\u00e3o Jo\u00e3o da Boa Vista, atual campe\u00e3, como a grande recordista, com sete t\u00edtulos. Santa Rita conquistou o t\u00edtulo de campe\u00e3 em 2014, e o vice-campeonato em 2015.<\/p>\n<p>&nbsp;<\/p>\n<p><strong>FOTO: <\/strong><em>A equipe de Santa Rita que disputa 23\u00aa Ta\u00e7a EPTV de Futsal da Regi\u00e3o Central, antes do jogo contra Vargem Grande do Sul (Divulga\u00e7\u00e3o)<\/em><\/p>\n","protected":false},"excerpt":{"rendered":"<p>Foram tr\u00eas derrotas em tr\u00eas jogos e a cidade campe\u00e3 de 2014 se despede da competi\u00e7\u00e3o &nbsp; Com tr\u00eas derrotas<\/p>\n","protected":false},"author":1,"featured_media":0,"comment_status":"closed","ping_status":"open","sticky":false,"template":"","format":"standard","meta":{"footnotes":""},"categories":[51],"tags":[],"class_list":["post-1292","post","type-post","status-publish","format-standard","hentry","category-sports"],"_links":{"self":[{"href":"https:\/\/www.santaritadopassaquatro.sp.gov.br\/portal\/wp-json\/wp\/v2\/posts\/1292","targetHints":{"allow":["GET"]}}],"collection":[{"href":"https:\/\/www.santaritadopassaquatro.sp.gov.br\/portal\/wp-json\/wp\/v2\/posts"}],"about":[{"href":"https:\/\/www.santaritadopassaquatro.sp.gov.br\/portal\/wp-json\/wp\/v2\/types\/post"}],"author":[{"embeddable":true,"href":"https:\/\/www.santaritadopassaquatro.sp.gov.br\/portal\/wp-json\/wp\/v2\/users\/1"}],"replies":[{"embeddable":true,"href":"https:\/\/www.santaritadopassaquatro.sp.gov.br\/portal\/wp-json\/wp\/v2\/comments?post=1292"}],"version-history":[{"count":0,"href":"https:\/\/www.santaritadopassaquatro.sp.gov.br\/portal\/wp-json\/wp\/v2\/posts\/1292\/revisions"}],"wp:attachment":[{"href":"https:\/\/www.santaritadopassaquatro.sp.gov.br\/portal\/wp-json\/wp\/v2\/media?parent=1292"}],"wp:term":[{"taxonomy":"category","embeddable":true,"href":"https:\/\/www.santaritadopassaquatro.sp.gov.br\/portal\/wp-json\/wp\/v2\/categories?post=1292"},{"taxonomy":"post_tag","embeddable":true,"href":"https:\/\/www.santaritadopassaquatro.sp.gov.br\/portal\/wp-json\/wp\/v2\/tags?post=1292"}],"curies":[{"name":"wp","href":"https:\/\/api.w.org\/{rel}","templated":true}]}}