{"id":12978,"date":"2025-09-10T10:59:57","date_gmt":"2025-09-10T13:59:57","guid":{"rendered":"https:\/\/www.santaritadopassaquatro.sp.gov.br\/portal\/?p=12978"},"modified":"2025-09-10T10:59:59","modified_gmt":"2025-09-10T13:59:59","slug":"%f0%9f%8c%b3%e2%9c%a8-um-mergulho-na-natureza-criancas-da-emei-joao-baptista-rodrigues-ribaldo-celebram-o-dia-da-arvore","status":"publish","type":"post","link":"https:\/\/www.santaritadopassaquatro.sp.gov.br\/portal\/%f0%9f%8c%b3%e2%9c%a8-um-mergulho-na-natureza-criancas-da-emei-joao-baptista-rodrigues-ribaldo-celebram-o-dia-da-arvore\/","title":{"rendered":"\ud83c\udf33\u2728 Um mergulho na natureza: crian\u00e7as da EMEI Jo\u00e3o Baptista Rodrigues Ribaldo celebram o Dia da \u00c1rvore"},"content":{"rendered":"\n<p>Nos dias 08 e 09 de setembro de 2025, o Espa\u00e7o de Educa\u00e7\u00e3o Ambiental se encheu de alegria e descobertas com a presen\u00e7a das turmas do Jardim II A e Jardim II B da EMEI Jo\u00e3o Baptista Rodrigues Ribaldo.<br>As atividades foram conduzidas pela colaboradora Ana Vict\u00f3ria, do Departamento de Agricultura e Meio Ambiente, em comemora\u00e7\u00e3o ao Dia da \u00c1rvore. Mas, mais do que falar apenas das \u00e1rvores, o encontro foi um convite para as crian\u00e7as conhecerem e valorizarem toda a riqueza da natureza: o verde das plantas, a beleza das flores, os animais que vivem em harmonia nas florestas e at\u00e9 os pequenos detalhes que muitas vezes passam despercebidos no dia a dia.<br>\ud83c\udf31 Com olhares curiosos e atentos, os alunos aprenderam que cada \u00e1rvore \u00e9 um abrigo para p\u00e1ssaros, um lar para insetos, uma fonte de sombra e de ar puro. Ao mesmo tempo, descobriram que a fauna e a flora est\u00e3o interligadas, formando um equil\u00edbrio essencial para a vida no planeta.<br>\ud83c\udf43 Entre din\u00e2micas e conversas, eles perceberam que cuidar da natureza \u00e9 tamb\u00e9m cuidar do futuro, garantindo que as pr\u00f3ximas gera\u00e7\u00f5es possam viver em um mundo cheio de cores, sons e vida.<br>\ud83d\udc9a Foi um momento de encantamento e aprendizado, em que cada crian\u00e7a p\u00f4de sentir que a natureza n\u00e3o \u00e9 algo distante, mas parte da nossa rotina, do nosso bem-estar e da nossa felicidade.<br>Que essas sementinhas de consci\u00eancia ambiental flores\u00e7am em atitudes de respeito, preserva\u00e7\u00e3o e amor pela nossa casa comum: a natureza.<\/p>\n\n\n\n<figure class=\"wp-block-gallery has-nested-images columns-default is-cropped wp-block-gallery-1 is-layout-flex wp-block-gallery-is-layout-flex\">\n<figure class=\"wp-block-image size-large\"><img decoding=\"async\" width=\"2048\" height=\"2560\" data-id=\"12984\" src=\"https:\/\/www.santaritadopassaquatro.sp.gov.br\/portal\/wp-content\/uploads\/2025\/09\/2c7429a3-0346-4546-8a39-95174a4bd602.jpg\" alt=\"\" class=\"wp-image-12984\"\/><\/figure>\n\n\n\n<figure class=\"wp-block-image size-large\"><img decoding=\"async\" width=\"2048\" height=\"2560\" data-id=\"12983\" src=\"https:\/\/www.santaritadopassaquatro.sp.gov.br\/portal\/wp-content\/uploads\/2025\/09\/9a5e16b2-6fa6-43e7-a2d0-c9c1a353716f.jpg\" alt=\"\" class=\"wp-image-12983\"\/><\/figure>\n\n\n\n<figure class=\"wp-block-image size-large\"><img decoding=\"async\" width=\"2048\" height=\"2560\" data-id=\"12982\" src=\"https:\/\/www.santaritadopassaquatro.sp.gov.br\/portal\/wp-content\/uploads\/2025\/09\/60c1b973-6fc4-4371-9649-81ae686a97da.jpg\" alt=\"\" class=\"wp-image-12982\"\/><\/figure>\n\n\n\n<figure class=\"wp-block-image size-large\"><img decoding=\"async\" width=\"2048\" height=\"2560\" data-id=\"12981\" src=\"https:\/\/www.santaritadopassaquatro.sp.gov.br\/portal\/wp-content\/uploads\/2025\/09\/890edf03-973a-412c-bec5-189f63ccbab5.jpg\" alt=\"\" class=\"wp-image-12981\"\/><\/figure>\n\n\n\n<figure class=\"wp-block-image size-large\"><img decoding=\"async\" width=\"2048\" height=\"2560\" data-id=\"12980\" src=\"https:\/\/www.santaritadopassaquatro.sp.gov.br\/portal\/wp-content\/uploads\/2025\/09\/aae5559c-f39e-414b-8461-e656eae6841b.jpg\" alt=\"\" class=\"wp-image-12980\"\/><\/figure>\n<\/figure>\n","protected":false},"excerpt":{"rendered":"<p>Nos dias 08 e 09 de setembro de 2025, o Espa\u00e7o de Educa\u00e7\u00e3o Ambiental se encheu de alegria e descobertas<\/p>\n","protected":false},"author":1,"featured_media":12979,"comment_status":"closed","ping_status":"open","sticky":false,"template":"","format":"standard","meta":{"footnotes":""},"categories":[52,53],"tags":[],"class_list":["post-12978","post","type-post","status-publish","format-standard","has-post-thumbnail","hentry","category-latest","category-meio-ambiente"],"_links":{"self":[{"href":"https:\/\/www.santaritadopassaquatro.sp.gov.br\/portal\/wp-json\/wp\/v2\/posts\/12978","targetHints":{"allow":["GET"]}}],"collection":[{"href":"https:\/\/www.santaritadopassaquatro.sp.gov.br\/portal\/wp-json\/wp\/v2\/posts"}],"about":[{"href":"https:\/\/www.santaritadopassaquatro.sp.gov.br\/portal\/wp-json\/wp\/v2\/types\/post"}],"author":[{"embeddable":true,"href":"https:\/\/www.santaritadopassaquatro.sp.gov.br\/portal\/wp-json\/wp\/v2\/users\/1"}],"replies":[{"embeddable":true,"href":"https:\/\/www.santaritadopassaquatro.sp.gov.br\/portal\/wp-json\/wp\/v2\/comments?post=12978"}],"version-history":[{"count":1,"href":"https:\/\/www.santaritadopassaquatro.sp.gov.br\/portal\/wp-json\/wp\/v2\/posts\/12978\/revisions"}],"predecessor-version":[{"id":12985,"href":"https:\/\/www.santaritadopassaquatro.sp.gov.br\/portal\/wp-json\/wp\/v2\/posts\/12978\/revisions\/12985"}],"wp:featuredmedia":[{"embeddable":true,"href":"https:\/\/www.santaritadopassaquatro.sp.gov.br\/portal\/wp-json\/wp\/v2\/media\/12979"}],"wp:attachment":[{"href":"https:\/\/www.santaritadopassaquatro.sp.gov.br\/portal\/wp-json\/wp\/v2\/media?parent=12978"}],"wp:term":[{"taxonomy":"category","embeddable":true,"href":"https:\/\/www.santaritadopassaquatro.sp.gov.br\/portal\/wp-json\/wp\/v2\/categories?post=12978"},{"taxonomy":"post_tag","embeddable":true,"href":"https:\/\/www.santaritadopassaquatro.sp.gov.br\/portal\/wp-json\/wp\/v2\/tags?post=12978"}],"curies":[{"name":"wp","href":"https:\/\/api.w.org\/{rel}","templated":true}]}}