{"id":12987,"date":"2025-09-17T16:47:13","date_gmt":"2025-09-17T19:47:13","guid":{"rendered":"http:\/\/www.santaritadopassaquatro.sp.gov.br\/portal\/?p=12987"},"modified":"2025-09-17T16:47:15","modified_gmt":"2025-09-17T19:47:15","slug":"%f0%9f%8c%bf%e2%9c%a8-educacao-ambiental-com-o-jardim-ii-da-emei-joao-baptista-rodrigues-ribaldo-%e2%9c%a8%f0%9f%8c%bf","status":"publish","type":"post","link":"https:\/\/www.santaritadopassaquatro.sp.gov.br\/portal\/%f0%9f%8c%bf%e2%9c%a8-educacao-ambiental-com-o-jardim-ii-da-emei-joao-baptista-rodrigues-ribaldo-%e2%9c%a8%f0%9f%8c%bf\/","title":{"rendered":"\ud83c\udf3f\u2728 Educa\u00e7\u00e3o Ambiental com o Jardim II da EMEI Jo\u00e3o Baptista Rodrigues Ribaldo \u2728\ud83c\udf3f"},"content":{"rendered":"\n<p>Na segunda-feira, 15 de setembro de 2025, o Espa\u00e7o de Educa\u00e7\u00e3o Ambiental recebeu uma visita muito especial: as crian\u00e7as do Jardim II da EMEI Jo\u00e3o Baptista Rodrigues Ribaldo. A atividade foi conduzida com todo carinho pela funcion\u00e1ria Ana Vict\u00f3ria, do Departamento de Agricultura e Meio Ambiente.<br>Mais do que falar apenas das \u00e1rvores, o encontro foi um verdadeiro convite para que os pequenos pudessem descobrir, sentir e valorizar toda a riqueza da natureza. Entre hist\u00f3rias, observa\u00e7\u00f5es e di\u00e1logos, as crian\u00e7as tiveram a oportunidade de conhecer melhor a fauna, a flora e os diferentes elementos que comp\u00f5em o meio ambiente \u2013 entendendo que cada pedacinho da natureza tem sua import\u00e2ncia e merece cuidado.<br>Momentos como esse refor\u00e7am que a educa\u00e7\u00e3o ambiental come\u00e7a na inf\u00e2ncia e que, ao despertar o olhar atento e o carinho das crian\u00e7as para com a natureza, plantamos as sementes de um futuro mais consciente e sustent\u00e1vel. \ud83c\udf0e\ud83d\udc9a<br>\ud83d\udc49 O Departamento de Agricultura e Meio Ambiente segue firme na miss\u00e3o de aproximar a comunidade, especialmente nossas crian\u00e7as, da beleza e do valor da vida natural que nos cerca.<\/p>\n\n\n\n<figure class=\"wp-block-gallery has-nested-images columns-default is-cropped wp-block-gallery-1 is-layout-flex wp-block-gallery-is-layout-flex\">\n<figure class=\"wp-block-image size-large\"><img decoding=\"async\" width=\"2047\" height=\"2560\" data-id=\"12989\" src=\"http:\/\/www.santaritadopassaquatro.sp.gov.br\/portal\/wp-content\/uploads\/2025\/09\/WhatsApp-Image-2025-09-17-at-16.24.42.jpeg\" alt=\"\" class=\"wp-image-12989\"\/><\/figure>\n\n\n\n<figure class=\"wp-block-image size-large\"><img decoding=\"async\" width=\"2047\" height=\"2560\" data-id=\"12990\" src=\"http:\/\/www.santaritadopassaquatro.sp.gov.br\/portal\/wp-content\/uploads\/2025\/09\/WhatsApp-Image-2025-09-17-at-16.24.43-1.jpeg\" alt=\"\" class=\"wp-image-12990\"\/><\/figure>\n\n\n\n<figure class=\"wp-block-image size-large\"><img decoding=\"async\" width=\"2047\" height=\"2560\" data-id=\"12991\" src=\"http:\/\/www.santaritadopassaquatro.sp.gov.br\/portal\/wp-content\/uploads\/2025\/09\/WhatsApp-Image-2025-09-17-at-16.24.43-2.jpeg\" alt=\"\" class=\"wp-image-12991\"\/><\/figure>\n\n\n\n<figure class=\"wp-block-image size-large\"><img decoding=\"async\" width=\"2047\" height=\"2560\" data-id=\"12993\" src=\"http:\/\/www.santaritadopassaquatro.sp.gov.br\/portal\/wp-content\/uploads\/2025\/09\/WhatsApp-Image-2025-09-17-at-16.24.43-3.jpeg\" alt=\"\" class=\"wp-image-12993\"\/><\/figure>\n\n\n\n<figure class=\"wp-block-image size-large\"><img decoding=\"async\" width=\"2047\" height=\"2560\" data-id=\"12992\" src=\"http:\/\/www.santaritadopassaquatro.sp.gov.br\/portal\/wp-content\/uploads\/2025\/09\/WhatsApp-Image-2025-09-17-at-16.24.43-4.jpeg\" alt=\"\" class=\"wp-image-12992\"\/><\/figure>\n\n\n\n<figure class=\"wp-block-image size-large\"><img decoding=\"async\" width=\"2047\" height=\"2560\" data-id=\"12994\" src=\"http:\/\/www.santaritadopassaquatro.sp.gov.br\/portal\/wp-content\/uploads\/2025\/09\/WhatsApp-Image-2025-09-17-at-16.24.43-5.jpeg\" alt=\"\" class=\"wp-image-12994\"\/><\/figure>\n<\/figure>\n","protected":false},"excerpt":{"rendered":"<p>Na segunda-feira, 15 de setembro de 2025, o Espa\u00e7o de Educa\u00e7\u00e3o Ambiental recebeu uma visita muito especial: as crian\u00e7as do<\/p>\n","protected":false},"author":1,"featured_media":12988,"comment_status":"closed","ping_status":"open","sticky":false,"template":"","format":"standard","meta":{"footnotes":""},"categories":[53],"tags":[],"class_list":["post-12987","post","type-post","status-publish","format-standard","has-post-thumbnail","hentry","category-meio-ambiente"],"_links":{"self":[{"href":"https:\/\/www.santaritadopassaquatro.sp.gov.br\/portal\/wp-json\/wp\/v2\/posts\/12987","targetHints":{"allow":["GET"]}}],"collection":[{"href":"https:\/\/www.santaritadopassaquatro.sp.gov.br\/portal\/wp-json\/wp\/v2\/posts"}],"about":[{"href":"https:\/\/www.santaritadopassaquatro.sp.gov.br\/portal\/wp-json\/wp\/v2\/types\/post"}],"author":[{"embeddable":true,"href":"https:\/\/www.santaritadopassaquatro.sp.gov.br\/portal\/wp-json\/wp\/v2\/users\/1"}],"replies":[{"embeddable":true,"href":"https:\/\/www.santaritadopassaquatro.sp.gov.br\/portal\/wp-json\/wp\/v2\/comments?post=12987"}],"version-history":[{"count":1,"href":"https:\/\/www.santaritadopassaquatro.sp.gov.br\/portal\/wp-json\/wp\/v2\/posts\/12987\/revisions"}],"predecessor-version":[{"id":12995,"href":"https:\/\/www.santaritadopassaquatro.sp.gov.br\/portal\/wp-json\/wp\/v2\/posts\/12987\/revisions\/12995"}],"wp:featuredmedia":[{"embeddable":true,"href":"https:\/\/www.santaritadopassaquatro.sp.gov.br\/portal\/wp-json\/wp\/v2\/media\/12988"}],"wp:attachment":[{"href":"https:\/\/www.santaritadopassaquatro.sp.gov.br\/portal\/wp-json\/wp\/v2\/media?parent=12987"}],"wp:term":[{"taxonomy":"category","embeddable":true,"href":"https:\/\/www.santaritadopassaquatro.sp.gov.br\/portal\/wp-json\/wp\/v2\/categories?post=12987"},{"taxonomy":"post_tag","embeddable":true,"href":"https:\/\/www.santaritadopassaquatro.sp.gov.br\/portal\/wp-json\/wp\/v2\/tags?post=12987"}],"curies":[{"name":"wp","href":"https:\/\/api.w.org\/{rel}","templated":true}]}}