{"id":12996,"date":"2025-09-17T17:04:49","date_gmt":"2025-09-17T20:04:49","guid":{"rendered":"http:\/\/www.santaritadopassaquatro.sp.gov.br\/portal\/?p=12996"},"modified":"2025-09-17T17:04:52","modified_gmt":"2025-09-17T20:04:52","slug":"%f0%9f%8c%bf%f0%9f%92%a7-alunos-da-escola-municipal-madre-carmelita-participam-de-atividade-de-educacao-ambiental-no-horto-florestal-%f0%9f%92%a7%f0%9f%8c%bf","status":"publish","type":"post","link":"https:\/\/www.santaritadopassaquatro.sp.gov.br\/portal\/%f0%9f%8c%bf%f0%9f%92%a7-alunos-da-escola-municipal-madre-carmelita-participam-de-atividade-de-educacao-ambiental-no-horto-florestal-%f0%9f%92%a7%f0%9f%8c%bf\/","title":{"rendered":"\ud83c\udf3f\ud83d\udca7 Alunos da Escola Municipal \u201cMadre Carmelita\u201d participam de atividade de Educa\u00e7\u00e3o Ambiental no Horto Florestal \ud83d\udca7\ud83c\udf3f"},"content":{"rendered":"\n<p>Nesta ter\u00e7a-feira, 16 de setembro de 2025, o Departamento de Agricultura e Meio Ambiente, em parceria com a Funda\u00e7\u00e3o Florestal, realizou uma atividade muito especial na Esta\u00e7\u00e3o Experimental (Horto Florestal) com os alunos dos 4\u00ba anos A e B da Escola Municipal \u201cMadre Carmelita\u201d.<\/p>\n\n\n\n<p>O encontro buscou despertar nas crian\u00e7as o olhar de cuidado e respeito pela fauna, flora e, principalmente, pela \u00e1gua, j\u00e1 que o Horto \u00e9 uma importante \u00e1rea de coleta de \u00e1gua que abastece a popula\u00e7\u00e3o. Os estudantes aprenderam sobre a import\u00e2ncia da preserva\u00e7\u00e3o ambiental e de atitudes respons\u00e1veis para garantir o equil\u00edbrio da natureza.<\/p>\n\n\n\n<p>Al\u00e9m disso, houve um momento dedicado \u00e0 fauna local, com destaque para os animais pe\u00e7onhentos, como serpentes, aranhas e escorpi\u00f5es. As crian\u00e7as receberam orienta\u00e7\u00f5es de como reconhec\u00ea-los, a import\u00e2ncia de respeit\u00e1-los em seu habitat natural e, principalmente, como agir em caso de encontro ou acidente, entendendo que informa\u00e7\u00e3o \u00e9 essencial para prevenir riscos.<\/p>\n\n\n\n<p>\ud83c\udf0e Ao proporcionar esse contato direto com a natureza e ao unir conhecimento sobre biodiversidade, preserva\u00e7\u00e3o e seguran\u00e7a, a atividade contribuiu para formar cidad\u00e3os mais conscientes, respons\u00e1veis e preparados para cuidar do meio ambiente e da vida.<\/p>\n\n\n\n<figure class=\"wp-block-gallery has-nested-images columns-default is-cropped wp-block-gallery-1 is-layout-flex wp-block-gallery-is-layout-flex\">\n<figure class=\"wp-block-image size-large\"><img decoding=\"async\" width=\"1280\" height=\"1600\" data-id=\"13000\" src=\"http:\/\/www.santaritadopassaquatro.sp.gov.br\/portal\/wp-content\/uploads\/2025\/09\/WhatsApp-Image-2025-09-17-at-16.58.42.jpeg\" alt=\"\" class=\"wp-image-13000\"\/><\/figure>\n\n\n\n<figure class=\"wp-block-image size-large\"><img decoding=\"async\" width=\"1280\" height=\"1600\" data-id=\"12998\" src=\"http:\/\/www.santaritadopassaquatro.sp.gov.br\/portal\/wp-content\/uploads\/2025\/09\/WhatsApp-Image-2025-09-17-at-16.58.43-1.jpeg\" alt=\"\" class=\"wp-image-12998\"\/><\/figure>\n\n\n\n<figure class=\"wp-block-image size-large\"><img decoding=\"async\" width=\"1280\" height=\"1600\" data-id=\"13002\" src=\"http:\/\/www.santaritadopassaquatro.sp.gov.br\/portal\/wp-content\/uploads\/2025\/09\/WhatsApp-Image-2025-09-17-at-16.58.43.jpeg\" alt=\"\" class=\"wp-image-13002\"\/><\/figure>\n\n\n\n<figure class=\"wp-block-image size-large\"><img decoding=\"async\" width=\"1280\" height=\"1600\" data-id=\"12999\" src=\"http:\/\/www.santaritadopassaquatro.sp.gov.br\/portal\/wp-content\/uploads\/2025\/09\/WhatsApp-Image-2025-09-17-at-16.58.44-1.jpeg\" alt=\"\" class=\"wp-image-12999\"\/><\/figure>\n\n\n\n<figure class=\"wp-block-image size-large\"><img decoding=\"async\" width=\"1280\" height=\"1600\" data-id=\"13003\" src=\"http:\/\/www.santaritadopassaquatro.sp.gov.br\/portal\/wp-content\/uploads\/2025\/09\/WhatsApp-Image-2025-09-17-at-16.58.44-2.jpeg\" alt=\"\" class=\"wp-image-13003\"\/><\/figure>\n\n\n\n<figure class=\"wp-block-image size-large\"><img decoding=\"async\" width=\"1280\" height=\"1600\" data-id=\"13001\" src=\"http:\/\/www.santaritadopassaquatro.sp.gov.br\/portal\/wp-content\/uploads\/2025\/09\/WhatsApp-Image-2025-09-17-at-16.58.44-3.jpeg\" alt=\"\" class=\"wp-image-13001\"\/><\/figure>\n\n\n\n<figure class=\"wp-block-image size-large\"><img decoding=\"async\" width=\"1280\" height=\"1600\" data-id=\"13004\" src=\"http:\/\/www.santaritadopassaquatro.sp.gov.br\/portal\/wp-content\/uploads\/2025\/09\/WhatsApp-Image-2025-09-17-at-16.58.44-4.jpeg\" alt=\"\" class=\"wp-image-13004\"\/><\/figure>\n<\/figure>\n","protected":false},"excerpt":{"rendered":"<p>Nesta ter\u00e7a-feira, 16 de setembro de 2025, o Departamento de Agricultura e Meio Ambiente, em parceria com a Funda\u00e7\u00e3o Florestal,<\/p>\n","protected":false},"author":1,"featured_media":12997,"comment_status":"closed","ping_status":"open","sticky":false,"template":"","format":"standard","meta":{"footnotes":""},"categories":[53],"tags":[],"class_list":["post-12996","post","type-post","status-publish","format-standard","has-post-thumbnail","hentry","category-meio-ambiente"],"_links":{"self":[{"href":"https:\/\/www.santaritadopassaquatro.sp.gov.br\/portal\/wp-json\/wp\/v2\/posts\/12996","targetHints":{"allow":["GET"]}}],"collection":[{"href":"https:\/\/www.santaritadopassaquatro.sp.gov.br\/portal\/wp-json\/wp\/v2\/posts"}],"about":[{"href":"https:\/\/www.santaritadopassaquatro.sp.gov.br\/portal\/wp-json\/wp\/v2\/types\/post"}],"author":[{"embeddable":true,"href":"https:\/\/www.santaritadopassaquatro.sp.gov.br\/portal\/wp-json\/wp\/v2\/users\/1"}],"replies":[{"embeddable":true,"href":"https:\/\/www.santaritadopassaquatro.sp.gov.br\/portal\/wp-json\/wp\/v2\/comments?post=12996"}],"version-history":[{"count":1,"href":"https:\/\/www.santaritadopassaquatro.sp.gov.br\/portal\/wp-json\/wp\/v2\/posts\/12996\/revisions"}],"predecessor-version":[{"id":13005,"href":"https:\/\/www.santaritadopassaquatro.sp.gov.br\/portal\/wp-json\/wp\/v2\/posts\/12996\/revisions\/13005"}],"wp:featuredmedia":[{"embeddable":true,"href":"https:\/\/www.santaritadopassaquatro.sp.gov.br\/portal\/wp-json\/wp\/v2\/media\/12997"}],"wp:attachment":[{"href":"https:\/\/www.santaritadopassaquatro.sp.gov.br\/portal\/wp-json\/wp\/v2\/media?parent=12996"}],"wp:term":[{"taxonomy":"category","embeddable":true,"href":"https:\/\/www.santaritadopassaquatro.sp.gov.br\/portal\/wp-json\/wp\/v2\/categories?post=12996"},{"taxonomy":"post_tag","embeddable":true,"href":"https:\/\/www.santaritadopassaquatro.sp.gov.br\/portal\/wp-json\/wp\/v2\/tags?post=12996"}],"curies":[{"name":"wp","href":"https:\/\/api.w.org\/{rel}","templated":true}]}}