{"id":13006,"date":"2025-09-18T09:33:07","date_gmt":"2025-09-18T12:33:07","guid":{"rendered":"https:\/\/www.santaritadopassaquatro.sp.gov.br\/portal\/?p=13006"},"modified":"2025-09-18T09:33:09","modified_gmt":"2025-09-18T12:33:09","slug":"tiro-de-guerra-participa-de-plantio-no-viveiro-educativo","status":"publish","type":"post","link":"https:\/\/www.santaritadopassaquatro.sp.gov.br\/portal\/tiro-de-guerra-participa-de-plantio-no-viveiro-educativo\/","title":{"rendered":"Tiro de Guerra participa de plantio no Viveiro Educativo"},"content":{"rendered":"\n<p>Na manh\u00e3 da quarta-feira 17\/09, o Pelot\u00e3o do Tiro de Guerra participou de uma atividade especial no Viveiro Educativo \u201cProfessor Edson Pedro Rezende Leit\u00e3o\u201d. A a\u00e7\u00e3o foi conduzida pelo servidor Amauri Restaino, Coordenador do Viveiro, que orientou os participantes durante o plantio.<\/p>\n\n\n\n<p>Foram cultivadas mudas de esp\u00e9cies nativas e de grande import\u00e2ncia para a biodiversidade: cedro, urucum, ing\u00e1-branco, jambo-vermelho e barbatim\u00e3o. Cada \u00e1rvore escolhida carrega um papel fundamental, seja na recupera\u00e7\u00e3o ambiental, no fornecimento de sombra, frutos e flores, ou na preserva\u00e7\u00e3o de conhecimentos tradicionais ligados ao uso sustent\u00e1vel da flora.<\/p>\n\n\n\n<p>A iniciativa refor\u00e7a a import\u00e2ncia da conscientiza\u00e7\u00e3o ambiental e do trabalho coletivo em prol de um futuro mais verde, envolvendo diferentes setores da sociedade na preserva\u00e7\u00e3o e valoriza\u00e7\u00e3o da natureza.<\/p>\n\n\n\n<p>\ud83c\udf31 O plantio realizado pelos atiradores simboliza o compromisso com a cidadania, o respeito ao meio ambiente e a constru\u00e7\u00e3o de uma cidade cada vez mais sustent\u00e1vel, em parceria com o Viveiro, com o Departamento de Agricultura e Meio Ambiente (DAMA), e a Administra\u00e7\u00e3o Municipal!<\/p>\n\n\n\n<figure class=\"wp-block-gallery has-nested-images columns-default is-cropped wp-block-gallery-1 is-layout-flex wp-block-gallery-is-layout-flex\">\n<figure class=\"wp-block-image size-large\"><img decoding=\"async\" width=\"1279\" height=\"1600\" data-id=\"13008\" src=\"https:\/\/www.santaritadopassaquatro.sp.gov.br\/portal\/wp-content\/uploads\/2025\/09\/WhatsApp-Image-2025-09-18-at-08.38.46-1.jpeg\" alt=\"\" class=\"wp-image-13008\"\/><\/figure>\n\n\n\n<figure class=\"wp-block-image size-large\"><img decoding=\"async\" width=\"1279\" height=\"1600\" data-id=\"13010\" src=\"https:\/\/www.santaritadopassaquatro.sp.gov.br\/portal\/wp-content\/uploads\/2025\/09\/WhatsApp-Image-2025-09-18-at-08.38.46.jpeg\" alt=\"\" class=\"wp-image-13010\"\/><\/figure>\n\n\n\n<figure class=\"wp-block-image size-large\"><img decoding=\"async\" width=\"1279\" height=\"1600\" data-id=\"13009\" src=\"https:\/\/www.santaritadopassaquatro.sp.gov.br\/portal\/wp-content\/uploads\/2025\/09\/WhatsApp-Image-2025-09-18-at-08.38.47-1.jpeg\" alt=\"\" class=\"wp-image-13009\"\/><\/figure>\n\n\n\n<figure class=\"wp-block-image size-large\"><img decoding=\"async\" width=\"1279\" height=\"1600\" data-id=\"13011\" src=\"https:\/\/www.santaritadopassaquatro.sp.gov.br\/portal\/wp-content\/uploads\/2025\/09\/WhatsApp-Image-2025-09-18-at-08.38.47-2.jpeg\" alt=\"\" class=\"wp-image-13011\"\/><\/figure>\n\n\n\n<figure class=\"wp-block-image size-large\"><img decoding=\"async\" width=\"1279\" height=\"1600\" data-id=\"13013\" src=\"https:\/\/www.santaritadopassaquatro.sp.gov.br\/portal\/wp-content\/uploads\/2025\/09\/WhatsApp-Image-2025-09-18-at-08.38.47-3.jpeg\" alt=\"\" class=\"wp-image-13013\"\/><\/figure>\n\n\n\n<figure class=\"wp-block-image size-large\"><img decoding=\"async\" width=\"1279\" height=\"1600\" data-id=\"13012\" src=\"https:\/\/www.santaritadopassaquatro.sp.gov.br\/portal\/wp-content\/uploads\/2025\/09\/WhatsApp-Image-2025-09-18-at-08.38.47-4.jpeg\" alt=\"\" class=\"wp-image-13012\"\/><\/figure>\n<\/figure>\n","protected":false},"excerpt":{"rendered":"<p>Na manh\u00e3 da quarta-feira 17\/09, o Pelot\u00e3o do Tiro de Guerra participou de uma atividade especial no Viveiro Educativo \u201cProfessor<\/p>\n","protected":false},"author":1,"featured_media":13007,"comment_status":"closed","ping_status":"open","sticky":false,"template":"","format":"standard","meta":{"footnotes":""},"categories":[52,53],"tags":[],"class_list":["post-13006","post","type-post","status-publish","format-standard","has-post-thumbnail","hentry","category-latest","category-meio-ambiente"],"_links":{"self":[{"href":"https:\/\/www.santaritadopassaquatro.sp.gov.br\/portal\/wp-json\/wp\/v2\/posts\/13006","targetHints":{"allow":["GET"]}}],"collection":[{"href":"https:\/\/www.santaritadopassaquatro.sp.gov.br\/portal\/wp-json\/wp\/v2\/posts"}],"about":[{"href":"https:\/\/www.santaritadopassaquatro.sp.gov.br\/portal\/wp-json\/wp\/v2\/types\/post"}],"author":[{"embeddable":true,"href":"https:\/\/www.santaritadopassaquatro.sp.gov.br\/portal\/wp-json\/wp\/v2\/users\/1"}],"replies":[{"embeddable":true,"href":"https:\/\/www.santaritadopassaquatro.sp.gov.br\/portal\/wp-json\/wp\/v2\/comments?post=13006"}],"version-history":[{"count":1,"href":"https:\/\/www.santaritadopassaquatro.sp.gov.br\/portal\/wp-json\/wp\/v2\/posts\/13006\/revisions"}],"predecessor-version":[{"id":13014,"href":"https:\/\/www.santaritadopassaquatro.sp.gov.br\/portal\/wp-json\/wp\/v2\/posts\/13006\/revisions\/13014"}],"wp:featuredmedia":[{"embeddable":true,"href":"https:\/\/www.santaritadopassaquatro.sp.gov.br\/portal\/wp-json\/wp\/v2\/media\/13007"}],"wp:attachment":[{"href":"https:\/\/www.santaritadopassaquatro.sp.gov.br\/portal\/wp-json\/wp\/v2\/media?parent=13006"}],"wp:term":[{"taxonomy":"category","embeddable":true,"href":"https:\/\/www.santaritadopassaquatro.sp.gov.br\/portal\/wp-json\/wp\/v2\/categories?post=13006"},{"taxonomy":"post_tag","embeddable":true,"href":"https:\/\/www.santaritadopassaquatro.sp.gov.br\/portal\/wp-json\/wp\/v2\/tags?post=13006"}],"curies":[{"name":"wp","href":"https:\/\/api.w.org\/{rel}","templated":true}]}}