{"id":13016,"date":"2025-09-19T14:59:04","date_gmt":"2025-09-19T17:59:04","guid":{"rendered":"http:\/\/www.santaritadopassaquatro.sp.gov.br\/portal\/?p=13016"},"modified":"2025-09-22T15:02:54","modified_gmt":"2025-09-22T18:02:54","slug":"audiencia-publica-22-09","status":"publish","type":"post","link":"https:\/\/www.santaritadopassaquatro.sp.gov.br\/portal\/audiencia-publica-22-09\/","title":{"rendered":"AUDI\u00caNCIA P\u00daBLICA &#8211; 22\/09"},"content":{"rendered":"\n<p>O Departamento de Finan\u00e7as e Planejamento da Prefeitura Municipal de Santa Rita do Passa Quatro convida toda a popula\u00e7\u00e3o para a Audi\u00eancia P\u00fablica que acontece na segunda-feira, 22\/09, na C\u00e2mara Municipal (Rua Jos\u00e9 Rodrigues Palhares, 117).<\/p>\n\n\n\n<p><\/p>\n\n\n\n<p><br>18h \u2013 Metas Fiscais<br>18h30 \u2013 Elabora\u00e7\u00e3o da Lei Or\u00e7ament\u00e1ria Anual \u2013 LOA 2026<\/p>\n\n\n\n<p><\/p>\n\n\n\n<p><br>Sua participa\u00e7\u00e3o \u00e9 fundamental para fortalecer a transpar\u00eancia e o di\u00e1logo com a comunidade.<br>Haver\u00e1 transmiss\u00e3o ao vivo pela p\u00e1gina oficial da Prefeitura no Facebook!<br><br><\/p>\n\n\n\n<figure class=\"wp-block-image size-full\"><img decoding=\"async\" width=\"1890\" height=\"2363\" src=\"http:\/\/www.santaritadopassaquatro.sp.gov.br\/portal\/wp-content\/uploads\/2025\/09\/Audiencia-Publica-2025.jpg\" alt=\"\" class=\"wp-image-13017\" \/><\/figure>\n","protected":false},"excerpt":{"rendered":"<p>O Departamento de Finan\u00e7as e Planejamento da Prefeitura Municipal de Santa Rita do Passa Quatro convida toda a popula\u00e7\u00e3o para<\/p>\n","protected":false},"author":3,"featured_media":0,"comment_status":"closed","ping_status":"open","sticky":false,"template":"","format":"standard","meta":{"footnotes":""},"categories":[45,61],"tags":[],"class_list":["post-13016","post","type-post","status-publish","format-standard","hentry","category-comunicado","category-comunicados-importantes"],"_links":{"self":[{"href":"https:\/\/www.santaritadopassaquatro.sp.gov.br\/portal\/wp-json\/wp\/v2\/posts\/13016","targetHints":{"allow":["GET"]}}],"collection":[{"href":"https:\/\/www.santaritadopassaquatro.sp.gov.br\/portal\/wp-json\/wp\/v2\/posts"}],"about":[{"href":"https:\/\/www.santaritadopassaquatro.sp.gov.br\/portal\/wp-json\/wp\/v2\/types\/post"}],"author":[{"embeddable":true,"href":"https:\/\/www.santaritadopassaquatro.sp.gov.br\/portal\/wp-json\/wp\/v2\/users\/3"}],"replies":[{"embeddable":true,"href":"https:\/\/www.santaritadopassaquatro.sp.gov.br\/portal\/wp-json\/wp\/v2\/comments?post=13016"}],"version-history":[{"count":2,"href":"https:\/\/www.santaritadopassaquatro.sp.gov.br\/portal\/wp-json\/wp\/v2\/posts\/13016\/revisions"}],"predecessor-version":[{"id":13019,"href":"https:\/\/www.santaritadopassaquatro.sp.gov.br\/portal\/wp-json\/wp\/v2\/posts\/13016\/revisions\/13019"}],"wp:attachment":[{"href":"https:\/\/www.santaritadopassaquatro.sp.gov.br\/portal\/wp-json\/wp\/v2\/media?parent=13016"}],"wp:term":[{"taxonomy":"category","embeddable":true,"href":"https:\/\/www.santaritadopassaquatro.sp.gov.br\/portal\/wp-json\/wp\/v2\/categories?post=13016"},{"taxonomy":"post_tag","embeddable":true,"href":"https:\/\/www.santaritadopassaquatro.sp.gov.br\/portal\/wp-json\/wp\/v2\/tags?post=13016"}],"curies":[{"name":"wp","href":"https:\/\/api.w.org\/{rel}","templated":true}]}}