{"id":13020,"date":"2025-09-22T16:33:12","date_gmt":"2025-09-22T19:33:12","guid":{"rendered":"https:\/\/www.santaritadopassaquatro.sp.gov.br\/portal\/?p=13020"},"modified":"2025-09-22T16:33:14","modified_gmt":"2025-09-22T19:33:14","slug":"comemoracao-do-dia-da-arvore-na-emef-francisco-ribeiro","status":"publish","type":"post","link":"https:\/\/www.santaritadopassaquatro.sp.gov.br\/portal\/comemoracao-do-dia-da-arvore-na-emef-francisco-ribeiro\/","title":{"rendered":"Comemora\u00e7\u00e3o do Dia da \u00c1rvore na EMEF Francisco Ribeiro"},"content":{"rendered":"\n<p>Na manh\u00e3 da quarta-feira 17 de setembro, a EMEF Francisco Ribeiro celebrou o Dia da \u00c1rvore com um gesto simb\u00f3lico e cheio de significado: o plantio de uma muda de ip\u00ea-amarelo, \u00e1rvore nativa que encanta pela beleza de sua flora\u00e7\u00e3o e representa for\u00e7a, vida e renova\u00e7\u00e3o.<\/p>\n\n\n\n<p>A atividade foi realizada em parceria com o servidor Amauri Luizio Restaino, do Departamento de Agricultura e Meio Ambiente, respons\u00e1vel pelo Viveiro Educativo \u201cProfessor Edson Pedro Rezende Leit\u00e3o\u201d, que acompanhou os alunos e compartilhou seus conhecimentos sobre a import\u00e2ncia da preserva\u00e7\u00e3o ambiental.<\/p>\n\n\n\n<p>O momento foi marcado pela participa\u00e7\u00e3o ativa das crian\u00e7as, que colocaram as m\u00e3os na terra e aprenderam, na pr\u00e1tica, sobre o cuidado com a natureza e a relev\u00e2ncia de plantar \u00e1rvores para o futuro da comunidade.<\/p>\n\n\n\n<p>\ud83c\udf31 O plantio do ip\u00ea-amarelo simboliza n\u00e3o apenas a comemora\u00e7\u00e3o da data, mas tamb\u00e9m o compromisso com a constru\u00e7\u00e3o de um ambiente mais verde e sustent\u00e1vel para todos.<\/p>\n\n\n\n<figure class=\"wp-block-gallery has-nested-images columns-default is-cropped wp-block-gallery-1 is-layout-flex wp-block-gallery-is-layout-flex\">\n<figure class=\"wp-block-image size-large\"><img decoding=\"async\" width=\"1279\" height=\"1600\" data-id=\"13022\" src=\"https:\/\/www.santaritadopassaquatro.sp.gov.br\/portal\/wp-content\/uploads\/2025\/09\/76d59ef6-567d-46e7-9fa4-b02434efc233-1.jpg\" alt=\"\" class=\"wp-image-13022\"\/><\/figure>\n\n\n\n<figure class=\"wp-block-image size-large\"><img decoding=\"async\" width=\"1279\" height=\"1600\" data-id=\"13023\" src=\"https:\/\/www.santaritadopassaquatro.sp.gov.br\/portal\/wp-content\/uploads\/2025\/09\/a3f56a3e-945c-470d-892b-ed50960ac96d.jpg\" alt=\"\" class=\"wp-image-13023\"\/><\/figure>\n<\/figure>\n","protected":false},"excerpt":{"rendered":"<p>Na manh\u00e3 da quarta-feira 17 de setembro, a EMEF Francisco Ribeiro celebrou o Dia da \u00c1rvore com um gesto simb\u00f3lico<\/p>\n","protected":false},"author":1,"featured_media":13021,"comment_status":"closed","ping_status":"open","sticky":false,"template":"","format":"standard","meta":{"footnotes":""},"categories":[53],"tags":[],"class_list":["post-13020","post","type-post","status-publish","format-standard","has-post-thumbnail","hentry","category-meio-ambiente"],"_links":{"self":[{"href":"https:\/\/www.santaritadopassaquatro.sp.gov.br\/portal\/wp-json\/wp\/v2\/posts\/13020","targetHints":{"allow":["GET"]}}],"collection":[{"href":"https:\/\/www.santaritadopassaquatro.sp.gov.br\/portal\/wp-json\/wp\/v2\/posts"}],"about":[{"href":"https:\/\/www.santaritadopassaquatro.sp.gov.br\/portal\/wp-json\/wp\/v2\/types\/post"}],"author":[{"embeddable":true,"href":"https:\/\/www.santaritadopassaquatro.sp.gov.br\/portal\/wp-json\/wp\/v2\/users\/1"}],"replies":[{"embeddable":true,"href":"https:\/\/www.santaritadopassaquatro.sp.gov.br\/portal\/wp-json\/wp\/v2\/comments?post=13020"}],"version-history":[{"count":1,"href":"https:\/\/www.santaritadopassaquatro.sp.gov.br\/portal\/wp-json\/wp\/v2\/posts\/13020\/revisions"}],"predecessor-version":[{"id":13024,"href":"https:\/\/www.santaritadopassaquatro.sp.gov.br\/portal\/wp-json\/wp\/v2\/posts\/13020\/revisions\/13024"}],"wp:featuredmedia":[{"embeddable":true,"href":"https:\/\/www.santaritadopassaquatro.sp.gov.br\/portal\/wp-json\/wp\/v2\/media\/13021"}],"wp:attachment":[{"href":"https:\/\/www.santaritadopassaquatro.sp.gov.br\/portal\/wp-json\/wp\/v2\/media?parent=13020"}],"wp:term":[{"taxonomy":"category","embeddable":true,"href":"https:\/\/www.santaritadopassaquatro.sp.gov.br\/portal\/wp-json\/wp\/v2\/categories?post=13020"},{"taxonomy":"post_tag","embeddable":true,"href":"https:\/\/www.santaritadopassaquatro.sp.gov.br\/portal\/wp-json\/wp\/v2\/tags?post=13020"}],"curies":[{"name":"wp","href":"https:\/\/api.w.org\/{rel}","templated":true}]}}