{"id":13027,"date":"2025-09-24T16:18:43","date_gmt":"2025-09-24T19:18:43","guid":{"rendered":"https:\/\/www.santaritadopassaquatro.sp.gov.br\/portal\/?p=13027"},"modified":"2025-09-24T16:18:46","modified_gmt":"2025-09-24T19:18:46","slug":"comemoracao-ao-dia-da-arvore-na-emei-romulo-bortolini","status":"publish","type":"post","link":"https:\/\/www.santaritadopassaquatro.sp.gov.br\/portal\/comemoracao-ao-dia-da-arvore-na-emei-romulo-bortolini\/","title":{"rendered":"Comemora\u00e7\u00e3o ao Dia da \u00c1rvore na EMEI &#8220;R\u00f4mulo Bortolini&#8221;"},"content":{"rendered":"\n<p>Na manh\u00e3 do dia 18 de setembro de 2025, a EMEI \u201cR\u00f4mulo Bortolini\u201d celebrou o Dia da \u00c1rvore com uma atividade especial de educa\u00e7\u00e3o ambiental. Em parceria com o Departamento de Agricultura e Meio Ambiente (DAMA), foi realizado o plantio de duas mudas: uma amora e um baru, esp\u00e9cies que representam a riqueza e a diversidade da nossa flora.<br>A a\u00e7\u00e3o buscou despertar nas crian\u00e7as o senso de cuidado e respeito pela natureza, mostrando a import\u00e2ncia das \u00e1rvores para o equil\u00edbrio do meio ambiente, para a qualidade de vida e para o futuro das pr\u00f3ximas gera\u00e7\u00f5es. \ud83c\udf31\u2728<br>Ao colocar as m\u00e3os na terra e acompanhar o plantio, os pequenos puderam vivenciar, de forma pr\u00e1tica e significativa, valores como sustentabilidade, preserva\u00e7\u00e3o e amor pela natureza.<br>Essa iniciativa refor\u00e7a o compromisso da escola e do DAMA em cultivar consci\u00eancia ambiental desde cedo, incentivando atitudes que contribuem para um mundo mais verde e saud\u00e1vel. \ud83d\udc9a<\/p>\n\n\n\n<figure class=\"wp-block-gallery has-nested-images columns-default is-cropped wp-block-gallery-1 is-layout-flex wp-block-gallery-is-layout-flex\">\n<figure class=\"wp-block-image size-full\"><img decoding=\"async\" width=\"1280\" height=\"1600\" data-id=\"13030\" src=\"https:\/\/www.santaritadopassaquatro.sp.gov.br\/portal\/wp-content\/uploads\/2025\/09\/WhatsApp-Image-2025-09-24-at-16.04.11-1.jpeg\" alt=\"\" class=\"wp-image-13030\"\/><\/figure>\n\n\n\n<figure class=\"wp-block-image size-full\"><img decoding=\"async\" width=\"1280\" height=\"1600\" data-id=\"13029\" src=\"https:\/\/www.santaritadopassaquatro.sp.gov.br\/portal\/wp-content\/uploads\/2025\/09\/WhatsApp-Image-2025-09-24-at-16.04.11-2.jpeg\" alt=\"\" class=\"wp-image-13029\"\/><\/figure>\n\n\n\n<figure class=\"wp-block-image size-full\"><img decoding=\"async\" width=\"1280\" height=\"1600\" data-id=\"13031\" src=\"https:\/\/www.santaritadopassaquatro.sp.gov.br\/portal\/wp-content\/uploads\/2025\/09\/WhatsApp-Image-2025-09-24-at-16.04.11-3.jpeg\" alt=\"\" class=\"wp-image-13031\"\/><\/figure>\n\n\n\n<figure class=\"wp-block-image size-full\"><img decoding=\"async\" width=\"1280\" height=\"1600\" data-id=\"13033\" src=\"https:\/\/www.santaritadopassaquatro.sp.gov.br\/portal\/wp-content\/uploads\/2025\/09\/WhatsApp-Image-2025-09-24-at-16.04.11.jpeg\" alt=\"\" class=\"wp-image-13033\"\/><\/figure>\n\n\n\n<figure class=\"wp-block-image size-full\"><img decoding=\"async\" width=\"1280\" height=\"1600\" data-id=\"13032\" src=\"https:\/\/www.santaritadopassaquatro.sp.gov.br\/portal\/wp-content\/uploads\/2025\/09\/WhatsApp-Image-2025-09-24-at-16.04.12-1.jpeg\" alt=\"\" class=\"wp-image-13032\"\/><\/figure>\n\n\n\n<figure class=\"wp-block-image size-full\"><img decoding=\"async\" width=\"1280\" height=\"1600\" data-id=\"13034\" src=\"https:\/\/www.santaritadopassaquatro.sp.gov.br\/portal\/wp-content\/uploads\/2025\/09\/WhatsApp-Image-2025-09-24-at-16.04.12-2.jpeg\" alt=\"\" class=\"wp-image-13034\"\/><\/figure>\n\n\n\n<figure class=\"wp-block-image size-full\"><img decoding=\"async\" width=\"1280\" height=\"1600\" data-id=\"13035\" src=\"https:\/\/www.santaritadopassaquatro.sp.gov.br\/portal\/wp-content\/uploads\/2025\/09\/WhatsApp-Image-2025-09-24-at-16.04.12.jpeg\" alt=\"\" class=\"wp-image-13035\"\/><\/figure>\n<\/figure>\n","protected":false},"excerpt":{"rendered":"<p>Na manh\u00e3 do dia 18 de setembro de 2025, a EMEI \u201cR\u00f4mulo Bortolini\u201d celebrou o Dia da \u00c1rvore com uma<\/p>\n","protected":false},"author":1,"featured_media":13028,"comment_status":"closed","ping_status":"open","sticky":false,"template":"","format":"standard","meta":{"footnotes":""},"categories":[53],"tags":[],"class_list":["post-13027","post","type-post","status-publish","format-standard","has-post-thumbnail","hentry","category-meio-ambiente"],"_links":{"self":[{"href":"https:\/\/www.santaritadopassaquatro.sp.gov.br\/portal\/wp-json\/wp\/v2\/posts\/13027","targetHints":{"allow":["GET"]}}],"collection":[{"href":"https:\/\/www.santaritadopassaquatro.sp.gov.br\/portal\/wp-json\/wp\/v2\/posts"}],"about":[{"href":"https:\/\/www.santaritadopassaquatro.sp.gov.br\/portal\/wp-json\/wp\/v2\/types\/post"}],"author":[{"embeddable":true,"href":"https:\/\/www.santaritadopassaquatro.sp.gov.br\/portal\/wp-json\/wp\/v2\/users\/1"}],"replies":[{"embeddable":true,"href":"https:\/\/www.santaritadopassaquatro.sp.gov.br\/portal\/wp-json\/wp\/v2\/comments?post=13027"}],"version-history":[{"count":1,"href":"https:\/\/www.santaritadopassaquatro.sp.gov.br\/portal\/wp-json\/wp\/v2\/posts\/13027\/revisions"}],"predecessor-version":[{"id":13036,"href":"https:\/\/www.santaritadopassaquatro.sp.gov.br\/portal\/wp-json\/wp\/v2\/posts\/13027\/revisions\/13036"}],"wp:featuredmedia":[{"embeddable":true,"href":"https:\/\/www.santaritadopassaquatro.sp.gov.br\/portal\/wp-json\/wp\/v2\/media\/13028"}],"wp:attachment":[{"href":"https:\/\/www.santaritadopassaquatro.sp.gov.br\/portal\/wp-json\/wp\/v2\/media?parent=13027"}],"wp:term":[{"taxonomy":"category","embeddable":true,"href":"https:\/\/www.santaritadopassaquatro.sp.gov.br\/portal\/wp-json\/wp\/v2\/categories?post=13027"},{"taxonomy":"post_tag","embeddable":true,"href":"https:\/\/www.santaritadopassaquatro.sp.gov.br\/portal\/wp-json\/wp\/v2\/tags?post=13027"}],"curies":[{"name":"wp","href":"https:\/\/api.w.org\/{rel}","templated":true}]}}