{"id":13037,"date":"2025-09-24T16:20:15","date_gmt":"2025-09-24T19:20:15","guid":{"rendered":"https:\/\/www.santaritadopassaquatro.sp.gov.br\/portal\/?p=13037"},"modified":"2025-09-24T16:20:17","modified_gmt":"2025-09-24T19:20:17","slug":"dia-da-arvore-na-emef-madre-carmelita","status":"publish","type":"post","link":"https:\/\/www.santaritadopassaquatro.sp.gov.br\/portal\/dia-da-arvore-na-emef-madre-carmelita\/","title":{"rendered":"Dia da \u00c1rvore na EMEF \u201cMadre Carmelita\u201d"},"content":{"rendered":"\n<p>No dia 18 de setembro de 2025, em celebra\u00e7\u00e3o ao Dia da \u00c1rvore, a EMEF \u201cMadre Carmelita\u201d recebeu uma a\u00e7\u00e3o especial de plantio. A atividade foi conduzida pelo servidor Amauri Luizio Restaino, do Departamento de Agricultura e Meio Ambiente (DAMA), respons\u00e1vel pelo Viveiro Educativo \u201cProfessor Edson Pedro Rezende Leit\u00e3o\u201d.<br>Na ocasi\u00e3o, foi plantada uma muda de ip\u00ea-branco, \u00e1rvore s\u00edmbolo da beleza do nosso cerrado e da import\u00e2ncia da preserva\u00e7\u00e3o ambiental. A iniciativa promoveu um momento de aprendizado e de contato direto das crian\u00e7as com a natureza, incentivando desde cedo o respeito e o cuidado com o meio ambiente. \ud83c\udf33\u2728<br>Com gestos simples como o plantio de uma \u00e1rvore, semeamos consci\u00eancia, responsabilidade e esperan\u00e7a por um futuro mais verde para todos. \ud83d\udc9a<\/p>\n\n\n\n<figure class=\"wp-block-gallery has-nested-images columns-default is-cropped wp-block-gallery-1 is-layout-flex wp-block-gallery-is-layout-flex\">\n<figure class=\"wp-block-image size-large\"><img decoding=\"async\" width=\"1280\" height=\"1600\" data-id=\"13039\" src=\"https:\/\/www.santaritadopassaquatro.sp.gov.br\/portal\/wp-content\/uploads\/2025\/09\/WhatsApp-Image-2025-09-24-at-16.05.09-2.jpeg\" alt=\"\" class=\"wp-image-13039\"\/><\/figure>\n\n\n\n<figure class=\"wp-block-image size-large\"><img decoding=\"async\" width=\"1280\" height=\"1600\" data-id=\"13040\" src=\"https:\/\/www.santaritadopassaquatro.sp.gov.br\/portal\/wp-content\/uploads\/2025\/09\/WhatsApp-Image-2025-09-24-at-16.05.09-3.jpeg\" alt=\"\" class=\"wp-image-13040\"\/><\/figure>\n\n\n\n<figure class=\"wp-block-image size-large\"><img decoding=\"async\" width=\"1280\" height=\"1600\" data-id=\"13041\" src=\"https:\/\/www.santaritadopassaquatro.sp.gov.br\/portal\/wp-content\/uploads\/2025\/09\/WhatsApp-Image-2025-09-24-at-16.05.09.jpeg\" alt=\"\" class=\"wp-image-13041\"\/><\/figure>\n<\/figure>\n","protected":false},"excerpt":{"rendered":"<p>No dia 18 de setembro de 2025, em celebra\u00e7\u00e3o ao Dia da \u00c1rvore, a EMEF \u201cMadre Carmelita\u201d recebeu uma a\u00e7\u00e3o<\/p>\n","protected":false},"author":1,"featured_media":13038,"comment_status":"closed","ping_status":"open","sticky":false,"template":"","format":"standard","meta":{"footnotes":""},"categories":[53],"tags":[],"class_list":["post-13037","post","type-post","status-publish","format-standard","has-post-thumbnail","hentry","category-meio-ambiente"],"_links":{"self":[{"href":"https:\/\/www.santaritadopassaquatro.sp.gov.br\/portal\/wp-json\/wp\/v2\/posts\/13037","targetHints":{"allow":["GET"]}}],"collection":[{"href":"https:\/\/www.santaritadopassaquatro.sp.gov.br\/portal\/wp-json\/wp\/v2\/posts"}],"about":[{"href":"https:\/\/www.santaritadopassaquatro.sp.gov.br\/portal\/wp-json\/wp\/v2\/types\/post"}],"author":[{"embeddable":true,"href":"https:\/\/www.santaritadopassaquatro.sp.gov.br\/portal\/wp-json\/wp\/v2\/users\/1"}],"replies":[{"embeddable":true,"href":"https:\/\/www.santaritadopassaquatro.sp.gov.br\/portal\/wp-json\/wp\/v2\/comments?post=13037"}],"version-history":[{"count":1,"href":"https:\/\/www.santaritadopassaquatro.sp.gov.br\/portal\/wp-json\/wp\/v2\/posts\/13037\/revisions"}],"predecessor-version":[{"id":13042,"href":"https:\/\/www.santaritadopassaquatro.sp.gov.br\/portal\/wp-json\/wp\/v2\/posts\/13037\/revisions\/13042"}],"wp:featuredmedia":[{"embeddable":true,"href":"https:\/\/www.santaritadopassaquatro.sp.gov.br\/portal\/wp-json\/wp\/v2\/media\/13038"}],"wp:attachment":[{"href":"https:\/\/www.santaritadopassaquatro.sp.gov.br\/portal\/wp-json\/wp\/v2\/media?parent=13037"}],"wp:term":[{"taxonomy":"category","embeddable":true,"href":"https:\/\/www.santaritadopassaquatro.sp.gov.br\/portal\/wp-json\/wp\/v2\/categories?post=13037"},{"taxonomy":"post_tag","embeddable":true,"href":"https:\/\/www.santaritadopassaquatro.sp.gov.br\/portal\/wp-json\/wp\/v2\/tags?post=13037"}],"curies":[{"name":"wp","href":"https:\/\/api.w.org\/{rel}","templated":true}]}}