{"id":13043,"date":"2025-09-26T16:02:46","date_gmt":"2025-09-26T19:02:46","guid":{"rendered":"https:\/\/www.santaritadopassaquatro.sp.gov.br\/portal\/?p=13043"},"modified":"2025-09-26T16:03:40","modified_gmt":"2025-09-26T19:03:40","slug":"natureza-vida-e-sustentabilidade-dia-da-arvore-na-feira-do-produtor","status":"publish","type":"post","link":"https:\/\/www.santaritadopassaquatro.sp.gov.br\/portal\/natureza-vida-e-sustentabilidade-dia-da-arvore-na-feira-do-produtor\/","title":{"rendered":"Natureza, Vida e Sustentabilidade: Dia da \u00c1rvore na Feira do Produtor"},"content":{"rendered":"\n<p>No \u00faltimo 20 de setembro de 2025, o Departamento de Agricultura e Meio Ambiente (DAMA) celebrou a for\u00e7a da natureza e a import\u00e2ncia da preserva\u00e7\u00e3o ambiental em uma a\u00e7\u00e3o especial realizada na Feira do Produtor. Foram distribu\u00eddas 150 mudas de esp\u00e9cies nativas, medicinais e ex\u00f3ticas, entre elas: goiaba, manga, pitanga, amora, aroeira-pimenteira, pau-formiga, manjeric\u00e3o, maracuj\u00e1, suculenta, or\u00e9gano, erva-cidreira, coentro, oiti e coleus. \ud83c\udf31\u2728<br>Mais do que doar mudas, a iniciativa buscou sensibilizar a comunidade para o cuidado com a natureza, lembrando que cada \u00e1rvore e cada planta t\u00eam um papel essencial no equil\u00edbrio do meio ambiente e na qualidade de vida de todos n\u00f3s.<br>Os mun\u00edcipes que desejarem adquirir mudas podem se dirigir ao DAMA ou ao Viveiro Municipal Educativo \u201cProfessor Edson Pedro Rezende Leit\u00e3o\u201d, de segunda a sexta-feira, das 8h \u00e0s 11h e das 13h \u00e0s 17h.<br>Plantar \u00e9 semear futuro, esperan\u00e7a e vida. \ud83d\udc9a<\/p>\n\n\n\n<figure class=\"wp-block-gallery has-nested-images columns-default is-cropped wp-block-gallery-1 is-layout-flex wp-block-gallery-is-layout-flex\">\n<figure class=\"wp-block-image size-large\"><img decoding=\"async\" width=\"1280\" height=\"1600\" data-id=\"13046\" src=\"https:\/\/www.santaritadopassaquatro.sp.gov.br\/portal\/wp-content\/uploads\/2025\/09\/WhatsApp-Image-2025-09-26-at-15.35.48.jpeg\" alt=\"\" class=\"wp-image-13046\"\/><\/figure>\n\n\n\n<figure class=\"wp-block-image size-large\"><img decoding=\"async\" width=\"1280\" height=\"1600\" data-id=\"13045\" src=\"https:\/\/www.santaritadopassaquatro.sp.gov.br\/portal\/wp-content\/uploads\/2025\/09\/WhatsApp-Image-2025-09-26-at-15.35.49-1.jpeg\" alt=\"\" class=\"wp-image-13045\"\/><\/figure>\n\n\n\n<figure class=\"wp-block-image size-large\"><img decoding=\"async\" width=\"1280\" height=\"1600\" data-id=\"13047\" src=\"https:\/\/www.santaritadopassaquatro.sp.gov.br\/portal\/wp-content\/uploads\/2025\/09\/WhatsApp-Image-2025-09-26-at-15.35.49-2.jpeg\" alt=\"\" class=\"wp-image-13047\"\/><\/figure>\n\n\n\n<figure class=\"wp-block-image size-large\"><img decoding=\"async\" width=\"1280\" height=\"1600\" data-id=\"13048\" src=\"https:\/\/www.santaritadopassaquatro.sp.gov.br\/portal\/wp-content\/uploads\/2025\/09\/WhatsApp-Image-2025-09-26-at-15.35.49-3.jpeg\" alt=\"\" class=\"wp-image-13048\"\/><\/figure>\n\n\n\n<figure class=\"wp-block-image size-large\"><img decoding=\"async\" width=\"1280\" height=\"1600\" data-id=\"13049\" src=\"https:\/\/www.santaritadopassaquatro.sp.gov.br\/portal\/wp-content\/uploads\/2025\/09\/WhatsApp-Image-2025-09-26-at-15.35.49-4.jpeg\" alt=\"\" class=\"wp-image-13049\"\/><\/figure>\n\n\n\n<figure class=\"wp-block-image size-large\"><img decoding=\"async\" width=\"1280\" height=\"1600\" data-id=\"13050\" src=\"https:\/\/www.santaritadopassaquatro.sp.gov.br\/portal\/wp-content\/uploads\/2025\/09\/WhatsApp-Image-2025-09-26-at-15.35.49-5.jpeg\" alt=\"\" class=\"wp-image-13050\"\/><\/figure>\n\n\n\n<figure class=\"wp-block-image size-large\"><img decoding=\"async\" width=\"1280\" height=\"1600\" data-id=\"13052\" src=\"https:\/\/www.santaritadopassaquatro.sp.gov.br\/portal\/wp-content\/uploads\/2025\/09\/WhatsApp-Image-2025-09-26-at-15.35.49.jpeg\" alt=\"\" class=\"wp-image-13052\"\/><\/figure>\n\n\n\n<figure class=\"wp-block-image size-large\"><img decoding=\"async\" width=\"1280\" height=\"1600\" data-id=\"13051\" src=\"https:\/\/www.santaritadopassaquatro.sp.gov.br\/portal\/wp-content\/uploads\/2025\/09\/WhatsApp-Image-2025-09-26-at-15.35.50-1.jpeg\" alt=\"\" class=\"wp-image-13051\"\/><\/figure>\n\n\n\n<figure class=\"wp-block-image size-large\"><img decoding=\"async\" width=\"1280\" height=\"1600\" data-id=\"13053\" src=\"https:\/\/www.santaritadopassaquatro.sp.gov.br\/portal\/wp-content\/uploads\/2025\/09\/WhatsApp-Image-2025-09-26-at-15.35.50-2.jpeg\" alt=\"\" class=\"wp-image-13053\"\/><\/figure>\n\n\n\n<figure class=\"wp-block-image size-large\"><img decoding=\"async\" width=\"1280\" height=\"1600\" data-id=\"13054\" src=\"https:\/\/www.santaritadopassaquatro.sp.gov.br\/portal\/wp-content\/uploads\/2025\/09\/WhatsApp-Image-2025-09-26-at-15.35.50-3.jpeg\" alt=\"\" class=\"wp-image-13054\"\/><\/figure>\n\n\n\n<figure class=\"wp-block-image size-large\"><img decoding=\"async\" width=\"1280\" height=\"1600\" data-id=\"13055\" src=\"https:\/\/www.santaritadopassaquatro.sp.gov.br\/portal\/wp-content\/uploads\/2025\/09\/WhatsApp-Image-2025-09-26-at-15.35.50-4.jpeg\" alt=\"\" class=\"wp-image-13055\"\/><\/figure>\n\n\n\n<figure class=\"wp-block-image size-large\"><img decoding=\"async\" width=\"1280\" height=\"1600\" data-id=\"13056\" src=\"https:\/\/www.santaritadopassaquatro.sp.gov.br\/portal\/wp-content\/uploads\/2025\/09\/WhatsApp-Image-2025-09-26-at-15.35.50.jpeg\" alt=\"\" class=\"wp-image-13056\"\/><\/figure>\n\n\n\n<figure class=\"wp-block-image size-large\"><img decoding=\"async\" width=\"1280\" height=\"1600\" data-id=\"13057\" src=\"https:\/\/www.santaritadopassaquatro.sp.gov.br\/portal\/wp-content\/uploads\/2025\/09\/WhatsApp-Image-2025-09-26-at-15.35.51-1.jpeg\" alt=\"\" class=\"wp-image-13057\"\/><\/figure>\n\n\n\n<figure class=\"wp-block-image size-large\"><img decoding=\"async\" width=\"1280\" height=\"1600\" data-id=\"13058\" src=\"https:\/\/www.santaritadopassaquatro.sp.gov.br\/portal\/wp-content\/uploads\/2025\/09\/WhatsApp-Image-2025-09-26-at-15.35.51-2.jpeg\" alt=\"\" class=\"wp-image-13058\"\/><\/figure>\n<\/figure>\n","protected":false},"excerpt":{"rendered":"<p>No \u00faltimo 20 de setembro de 2025, o Departamento de Agricultura e Meio Ambiente (DAMA) celebrou a for\u00e7a da natureza<\/p>\n","protected":false},"author":1,"featured_media":13044,"comment_status":"closed","ping_status":"open","sticky":false,"template":"","format":"standard","meta":{"footnotes":""},"categories":[53],"tags":[],"class_list":["post-13043","post","type-post","status-publish","format-standard","has-post-thumbnail","hentry","category-meio-ambiente"],"_links":{"self":[{"href":"https:\/\/www.santaritadopassaquatro.sp.gov.br\/portal\/wp-json\/wp\/v2\/posts\/13043","targetHints":{"allow":["GET"]}}],"collection":[{"href":"https:\/\/www.santaritadopassaquatro.sp.gov.br\/portal\/wp-json\/wp\/v2\/posts"}],"about":[{"href":"https:\/\/www.santaritadopassaquatro.sp.gov.br\/portal\/wp-json\/wp\/v2\/types\/post"}],"author":[{"embeddable":true,"href":"https:\/\/www.santaritadopassaquatro.sp.gov.br\/portal\/wp-json\/wp\/v2\/users\/1"}],"replies":[{"embeddable":true,"href":"https:\/\/www.santaritadopassaquatro.sp.gov.br\/portal\/wp-json\/wp\/v2\/comments?post=13043"}],"version-history":[{"count":2,"href":"https:\/\/www.santaritadopassaquatro.sp.gov.br\/portal\/wp-json\/wp\/v2\/posts\/13043\/revisions"}],"predecessor-version":[{"id":13061,"href":"https:\/\/www.santaritadopassaquatro.sp.gov.br\/portal\/wp-json\/wp\/v2\/posts\/13043\/revisions\/13061"}],"wp:featuredmedia":[{"embeddable":true,"href":"https:\/\/www.santaritadopassaquatro.sp.gov.br\/portal\/wp-json\/wp\/v2\/media\/13044"}],"wp:attachment":[{"href":"https:\/\/www.santaritadopassaquatro.sp.gov.br\/portal\/wp-json\/wp\/v2\/media?parent=13043"}],"wp:term":[{"taxonomy":"category","embeddable":true,"href":"https:\/\/www.santaritadopassaquatro.sp.gov.br\/portal\/wp-json\/wp\/v2\/categories?post=13043"},{"taxonomy":"post_tag","embeddable":true,"href":"https:\/\/www.santaritadopassaquatro.sp.gov.br\/portal\/wp-json\/wp\/v2\/tags?post=13043"}],"curies":[{"name":"wp","href":"https:\/\/api.w.org\/{rel}","templated":true}]}}