{"id":13062,"date":"2025-09-26T16:06:06","date_gmt":"2025-09-26T19:06:06","guid":{"rendered":"https:\/\/www.santaritadopassaquatro.sp.gov.br\/portal\/?p=13062"},"modified":"2025-09-26T16:06:08","modified_gmt":"2025-09-26T19:06:08","slug":"dia-da-defesa-da-fauna","status":"publish","type":"post","link":"https:\/\/www.santaritadopassaquatro.sp.gov.br\/portal\/dia-da-defesa-da-fauna\/","title":{"rendered":"Dia da Defesa da Fauna"},"content":{"rendered":"\n<p>No dia 22 de setembro de 2025, o Espa\u00e7o de Educa\u00e7\u00e3o Ambiental recebeu os alunos do Ensino Infantil do Col\u00e9gio Objetivo para uma atividade especial em comemora\u00e7\u00e3o ao Dia da Defesa da Fauna.<\/p>\n\n\n\n<p>De forma l\u00fadica e interativa, as crian\u00e7as aprenderam sobre a import\u00e2ncia de proteger os animais, compreendendo a diferen\u00e7a entre a fauna silvestre, que vive em ambientes naturais, e a fauna dom\u00e9stica, que convive diretamente com as pessoas.<\/p>\n\n\n\n<p>A atividade despertou a curiosidade e o cuidado dos pequenos, refor\u00e7ando que cada ser vivo tem um papel essencial no equil\u00edbrio da vida e merece ser respeitado e protegido. \ud83d\udc22\ud83d\udc26\ud83d\udc36\ud83d\udc31<\/p>\n\n\n\n<p>\ud83c\udf31 Educar \u00e9 cuidar do presente e preservar o futuro.<\/p>\n\n\n\n<figure class=\"wp-block-gallery has-nested-images columns-default is-cropped wp-block-gallery-1 is-layout-flex wp-block-gallery-is-layout-flex\">\n<figure class=\"wp-block-image size-full\"><img decoding=\"async\" width=\"1200\" height=\"1600\" data-id=\"13069\" src=\"https:\/\/www.santaritadopassaquatro.sp.gov.br\/portal\/wp-content\/uploads\/2025\/09\/WhatsApp-Image-2025-09-26-at-15.37.01.jpeg\" alt=\"\" class=\"wp-image-13069\"\/><\/figure>\n\n\n\n<figure class=\"wp-block-image size-full\"><img decoding=\"async\" width=\"1200\" height=\"1600\" data-id=\"13064\" src=\"https:\/\/www.santaritadopassaquatro.sp.gov.br\/portal\/wp-content\/uploads\/2025\/09\/WhatsApp-Image-2025-09-26-at-15.37.02-1.jpeg\" alt=\"\" class=\"wp-image-13064\"\/><\/figure>\n\n\n\n<figure class=\"wp-block-image size-full\"><img decoding=\"async\" width=\"1600\" height=\"1200\" data-id=\"13065\" src=\"https:\/\/www.santaritadopassaquatro.sp.gov.br\/portal\/wp-content\/uploads\/2025\/09\/WhatsApp-Image-2025-09-26-at-15.37.02-2.jpeg\" alt=\"\" class=\"wp-image-13065\"\/><\/figure>\n\n\n\n<figure class=\"wp-block-image size-full\"><img decoding=\"async\" width=\"1200\" height=\"1600\" data-id=\"13067\" src=\"https:\/\/www.santaritadopassaquatro.sp.gov.br\/portal\/wp-content\/uploads\/2025\/09\/WhatsApp-Image-2025-09-26-at-15.37.02-3.jpeg\" alt=\"\" class=\"wp-image-13067\"\/><\/figure>\n\n\n\n<figure class=\"wp-block-image size-full\"><img decoding=\"async\" width=\"1200\" height=\"1600\" data-id=\"13068\" src=\"https:\/\/www.santaritadopassaquatro.sp.gov.br\/portal\/wp-content\/uploads\/2025\/09\/WhatsApp-Image-2025-09-26-at-15.37.02.jpeg\" alt=\"\" class=\"wp-image-13068\"\/><\/figure>\n\n\n\n<figure class=\"wp-block-image size-full\"><img decoding=\"async\" width=\"1200\" height=\"1600\" data-id=\"13066\" src=\"https:\/\/www.santaritadopassaquatro.sp.gov.br\/portal\/wp-content\/uploads\/2025\/09\/WhatsApp-Image-2025-09-26-at-15.37.03-1.jpeg\" alt=\"\" class=\"wp-image-13066\"\/><\/figure>\n\n\n\n<figure class=\"wp-block-image size-full\"><img decoding=\"async\" width=\"1200\" height=\"1600\" data-id=\"13071\" src=\"https:\/\/www.santaritadopassaquatro.sp.gov.br\/portal\/wp-content\/uploads\/2025\/09\/WhatsApp-Image-2025-09-26-at-15.37.03-2.jpeg\" alt=\"\" class=\"wp-image-13071\"\/><\/figure>\n\n\n\n<figure class=\"wp-block-image size-full\"><img decoding=\"async\" width=\"1200\" height=\"1600\" data-id=\"13070\" src=\"https:\/\/www.santaritadopassaquatro.sp.gov.br\/portal\/wp-content\/uploads\/2025\/09\/WhatsApp-Image-2025-09-26-at-15.37.03.jpeg\" alt=\"\" class=\"wp-image-13070\"\/><\/figure>\n\n\n\n<figure class=\"wp-block-image size-full\"><img decoding=\"async\" width=\"1200\" height=\"1600\" data-id=\"13072\" src=\"https:\/\/www.santaritadopassaquatro.sp.gov.br\/portal\/wp-content\/uploads\/2025\/09\/WhatsApp-Image-2025-09-26-at-15.37.04-1.jpeg\" alt=\"\" class=\"wp-image-13072\"\/><\/figure>\n\n\n\n<figure class=\"wp-block-image size-full\"><img decoding=\"async\" width=\"1600\" height=\"1200\" data-id=\"13073\" src=\"https:\/\/www.santaritadopassaquatro.sp.gov.br\/portal\/wp-content\/uploads\/2025\/09\/WhatsApp-Image-2025-09-26-at-15.37.04-2.jpeg\" alt=\"\" class=\"wp-image-13073\"\/><\/figure>\n\n\n\n<figure class=\"wp-block-image size-full\"><img decoding=\"async\" width=\"1200\" height=\"1600\" data-id=\"13074\" src=\"https:\/\/www.santaritadopassaquatro.sp.gov.br\/portal\/wp-content\/uploads\/2025\/09\/WhatsApp-Image-2025-09-26-at-15.37.04.jpeg\" alt=\"\" class=\"wp-image-13074\"\/><\/figure>\n\n\n\n<figure class=\"wp-block-image size-full\"><img decoding=\"async\" width=\"1600\" height=\"1200\" data-id=\"13075\" src=\"https:\/\/www.santaritadopassaquatro.sp.gov.br\/portal\/wp-content\/uploads\/2025\/09\/WhatsApp-Image-2025-09-26-at-15.37.05.jpeg\" alt=\"\" class=\"wp-image-13075\"\/><\/figure>\n<\/figure>\n","protected":false},"excerpt":{"rendered":"<p>No dia 22 de setembro de 2025, o Espa\u00e7o de Educa\u00e7\u00e3o Ambiental recebeu os alunos do Ensino Infantil do Col\u00e9gio<\/p>\n","protected":false},"author":1,"featured_media":13063,"comment_status":"closed","ping_status":"open","sticky":false,"template":"","format":"standard","meta":{"footnotes":""},"categories":[53],"tags":[],"class_list":["post-13062","post","type-post","status-publish","format-standard","has-post-thumbnail","hentry","category-meio-ambiente"],"_links":{"self":[{"href":"https:\/\/www.santaritadopassaquatro.sp.gov.br\/portal\/wp-json\/wp\/v2\/posts\/13062","targetHints":{"allow":["GET"]}}],"collection":[{"href":"https:\/\/www.santaritadopassaquatro.sp.gov.br\/portal\/wp-json\/wp\/v2\/posts"}],"about":[{"href":"https:\/\/www.santaritadopassaquatro.sp.gov.br\/portal\/wp-json\/wp\/v2\/types\/post"}],"author":[{"embeddable":true,"href":"https:\/\/www.santaritadopassaquatro.sp.gov.br\/portal\/wp-json\/wp\/v2\/users\/1"}],"replies":[{"embeddable":true,"href":"https:\/\/www.santaritadopassaquatro.sp.gov.br\/portal\/wp-json\/wp\/v2\/comments?post=13062"}],"version-history":[{"count":1,"href":"https:\/\/www.santaritadopassaquatro.sp.gov.br\/portal\/wp-json\/wp\/v2\/posts\/13062\/revisions"}],"predecessor-version":[{"id":13076,"href":"https:\/\/www.santaritadopassaquatro.sp.gov.br\/portal\/wp-json\/wp\/v2\/posts\/13062\/revisions\/13076"}],"wp:featuredmedia":[{"embeddable":true,"href":"https:\/\/www.santaritadopassaquatro.sp.gov.br\/portal\/wp-json\/wp\/v2\/media\/13063"}],"wp:attachment":[{"href":"https:\/\/www.santaritadopassaquatro.sp.gov.br\/portal\/wp-json\/wp\/v2\/media?parent=13062"}],"wp:term":[{"taxonomy":"category","embeddable":true,"href":"https:\/\/www.santaritadopassaquatro.sp.gov.br\/portal\/wp-json\/wp\/v2\/categories?post=13062"},{"taxonomy":"post_tag","embeddable":true,"href":"https:\/\/www.santaritadopassaquatro.sp.gov.br\/portal\/wp-json\/wp\/v2\/tags?post=13062"}],"curies":[{"name":"wp","href":"https:\/\/api.w.org\/{rel}","templated":true}]}}