{"id":13187,"date":"2025-10-29T08:35:34","date_gmt":"2025-10-29T11:35:34","guid":{"rendered":"https:\/\/www.santaritadopassaquatro.sp.gov.br\/portal\/?p=13187"},"modified":"2025-10-29T08:35:36","modified_gmt":"2025-10-29T11:35:36","slug":"palestra-sobre-manejo-sustentavel-fortalece-a-producao-familiar-em-santa-rita-do-passa-quatro","status":"publish","type":"post","link":"https:\/\/www.santaritadopassaquatro.sp.gov.br\/portal\/palestra-sobre-manejo-sustentavel-fortalece-a-producao-familiar-em-santa-rita-do-passa-quatro\/","title":{"rendered":"Palestra sobre Manejo Sustent\u00e1vel fortalece a produ\u00e7\u00e3o familiar em Santa Rita do Passa Quatro"},"content":{"rendered":"\n<p>O Departamento de Agricultura e Meio Ambiente (DAMA), em parceria com a CATI\/Cajuru, realizou a palestra \u201cT\u00e9cnicas de Manejo Sustent\u00e1vel para a Produ\u00e7\u00e3o Familiar\u201d, ministrada pelo especialista Antonio Jos\u00e9 Marques.<\/p>\n\n\n\n<p>O encontro reuniu os produtores participantes do Projeto de Incentivo \u00e0 Produ\u00e7\u00e3o Agropecu\u00e1ria \u2013 Munic\u00edpio Agro e os alunos do curso T\u00e9cnico em Agropecu\u00e1ria da ETEC Manoel dos Reis Ara\u00fajo, proporcionando um momento de aprendizado e troca de experi\u00eancias sobre pr\u00e1ticas que aliam produtividade e preserva\u00e7\u00e3o ambiental.<\/p>\n\n\n\n<p>\ud83d\udcac Durante a palestra, foram abordadas t\u00e9cnicas que promovem o uso racional dos recursos naturais, contribuindo para uma agricultura mais eficiente, sustent\u00e1vel e com melhores resultados para o pequeno produtor rural.<\/p>\n\n\n\n<p>\ud83c\udf3e A a\u00e7\u00e3o refor\u00e7a o compromisso do DAMA em incentivar a ado\u00e7\u00e3o de boas pr\u00e1ticas agr\u00edcolas e fortalecer a produ\u00e7\u00e3o familiar no munic\u00edpio.<\/p>\n\n\n\n<figure class=\"wp-block-gallery has-nested-images columns-default is-cropped wp-block-gallery-1 is-layout-flex wp-block-gallery-is-layout-flex\">\n<figure class=\"wp-block-image size-large\"><img decoding=\"async\" width=\"1280\" height=\"1600\" data-id=\"13191\" src=\"https:\/\/www.santaritadopassaquatro.sp.gov.br\/portal\/wp-content\/uploads\/2025\/10\/WhatsApp-Image-2025-10-29-at-08.14.53-2.jpeg\" alt=\"\" class=\"wp-image-13191\"\/><\/figure>\n\n\n\n<figure class=\"wp-block-image size-large\"><img decoding=\"async\" width=\"1280\" height=\"1600\" data-id=\"13188\" src=\"https:\/\/www.santaritadopassaquatro.sp.gov.br\/portal\/wp-content\/uploads\/2025\/10\/WhatsApp-Image-2025-10-29-at-08.14.53-3.jpeg\" alt=\"\" class=\"wp-image-13188\"\/><\/figure>\n\n\n\n<figure class=\"wp-block-image size-large\"><img decoding=\"async\" width=\"1280\" height=\"1600\" data-id=\"13190\" src=\"https:\/\/www.santaritadopassaquatro.sp.gov.br\/portal\/wp-content\/uploads\/2025\/10\/WhatsApp-Image-2025-10-29-at-08.14.53-4.jpeg\" alt=\"\" class=\"wp-image-13190\"\/><\/figure>\n\n\n\n<figure class=\"wp-block-image size-large\"><img decoding=\"async\" width=\"1280\" height=\"1600\" data-id=\"13192\" src=\"https:\/\/www.santaritadopassaquatro.sp.gov.br\/portal\/wp-content\/uploads\/2025\/10\/WhatsApp-Image-2025-10-29-at-08.14.53.jpeg\" alt=\"\" class=\"wp-image-13192\"\/><\/figure>\n\n\n\n<figure class=\"wp-block-image size-large\"><img decoding=\"async\" width=\"1280\" height=\"1600\" data-id=\"13189\" src=\"https:\/\/www.santaritadopassaquatro.sp.gov.br\/portal\/wp-content\/uploads\/2025\/10\/WhatsApp-Image-2025-10-29-at-08.14.54-1.jpeg\" alt=\"\" class=\"wp-image-13189\"\/><\/figure>\n\n\n\n<figure class=\"wp-block-image size-large\"><img decoding=\"async\" width=\"1280\" height=\"1600\" data-id=\"13193\" src=\"https:\/\/www.santaritadopassaquatro.sp.gov.br\/portal\/wp-content\/uploads\/2025\/10\/WhatsApp-Image-2025-10-29-at-08.14.54.jpeg\" alt=\"\" class=\"wp-image-13193\"\/><\/figure>\n<\/figure>\n","protected":false},"excerpt":{"rendered":"<p>O Departamento de Agricultura e Meio Ambiente (DAMA), em parceria com a CATI\/Cajuru, realizou a palestra \u201cT\u00e9cnicas de Manejo Sustent\u00e1vel<\/p>\n","protected":false},"author":1,"featured_media":13194,"comment_status":"closed","ping_status":"open","sticky":false,"template":"","format":"standard","meta":{"footnotes":""},"categories":[53],"tags":[],"class_list":["post-13187","post","type-post","status-publish","format-standard","has-post-thumbnail","hentry","category-meio-ambiente"],"_links":{"self":[{"href":"https:\/\/www.santaritadopassaquatro.sp.gov.br\/portal\/wp-json\/wp\/v2\/posts\/13187","targetHints":{"allow":["GET"]}}],"collection":[{"href":"https:\/\/www.santaritadopassaquatro.sp.gov.br\/portal\/wp-json\/wp\/v2\/posts"}],"about":[{"href":"https:\/\/www.santaritadopassaquatro.sp.gov.br\/portal\/wp-json\/wp\/v2\/types\/post"}],"author":[{"embeddable":true,"href":"https:\/\/www.santaritadopassaquatro.sp.gov.br\/portal\/wp-json\/wp\/v2\/users\/1"}],"replies":[{"embeddable":true,"href":"https:\/\/www.santaritadopassaquatro.sp.gov.br\/portal\/wp-json\/wp\/v2\/comments?post=13187"}],"version-history":[{"count":1,"href":"https:\/\/www.santaritadopassaquatro.sp.gov.br\/portal\/wp-json\/wp\/v2\/posts\/13187\/revisions"}],"predecessor-version":[{"id":13195,"href":"https:\/\/www.santaritadopassaquatro.sp.gov.br\/portal\/wp-json\/wp\/v2\/posts\/13187\/revisions\/13195"}],"wp:featuredmedia":[{"embeddable":true,"href":"https:\/\/www.santaritadopassaquatro.sp.gov.br\/portal\/wp-json\/wp\/v2\/media\/13194"}],"wp:attachment":[{"href":"https:\/\/www.santaritadopassaquatro.sp.gov.br\/portal\/wp-json\/wp\/v2\/media?parent=13187"}],"wp:term":[{"taxonomy":"category","embeddable":true,"href":"https:\/\/www.santaritadopassaquatro.sp.gov.br\/portal\/wp-json\/wp\/v2\/categories?post=13187"},{"taxonomy":"post_tag","embeddable":true,"href":"https:\/\/www.santaritadopassaquatro.sp.gov.br\/portal\/wp-json\/wp\/v2\/tags?post=13187"}],"curies":[{"name":"wp","href":"https:\/\/api.w.org\/{rel}","templated":true}]}}