{"id":13196,"date":"2025-10-29T09:29:31","date_gmt":"2025-10-29T12:29:31","guid":{"rendered":"https:\/\/www.santaritadopassaquatro.sp.gov.br\/portal\/?p=13196"},"modified":"2025-10-29T09:29:33","modified_gmt":"2025-10-29T12:29:33","slug":"o-departamento-de-agricultura-e-meio-ambiente-dama-realizou-uma-acao-em-parceria-com-o-lar-dom-luis-carbulotto-promovendo-mais-um-momento-de-aprendizado-e-conexao-com-a-natureza","status":"publish","type":"post","link":"https:\/\/www.santaritadopassaquatro.sp.gov.br\/portal\/o-departamento-de-agricultura-e-meio-ambiente-dama-realizou-uma-acao-em-parceria-com-o-lar-dom-luis-carbulotto-promovendo-mais-um-momento-de-aprendizado-e-conexao-com-a-natureza\/","title":{"rendered":"O Departamento de Agricultura e Meio Ambiente (DAMA) realizou uma a\u00e7\u00e3o em parceria com o Lar Dom Lu\u00eds Carbulotto, promovendo mais um momento de aprendizado e conex\u00e3o com a natureza."},"content":{"rendered":"\n<p>O funcion\u00e1rio Gabriel Bonetti Scarabel esteve presente na horta do Lar, onde conversou com as crian\u00e7as do 1\u00ba ao 5\u00ba ano do ensino fundamental sobre o manejo do morango, explicando como cuidar corretamente das plantas, a import\u00e2ncia da irriga\u00e7\u00e3o e as etapas do cultivo.<\/p>\n\n\n\n<p>Os alunos, que j\u00e1 haviam realizado o plantio anteriormente, puderam compreender melhor como garantir o bom desenvolvimento das mudas e manter a horta saud\u00e1vel e produtiva. \ud83c\udf3f<\/p>\n\n\n\n<p>A atividade refor\u00e7a o compromisso do DAMA em incentivar a educa\u00e7\u00e3o ambiental e o amor pela agricultura, despertando nas crian\u00e7as o interesse pelo cultivo e pelo cuidado com o meio ambiente. \ud83d\udc9a<\/p>\n\n\n\n<p><\/p>\n\n\n\n<figure class=\"wp-block-gallery has-nested-images columns-default is-cropped wp-block-gallery-1 is-layout-flex wp-block-gallery-is-layout-flex\">\n<figure class=\"wp-block-image size-large\"><img decoding=\"async\" width=\"1279\" height=\"1600\" data-id=\"13201\" src=\"https:\/\/www.santaritadopassaquatro.sp.gov.br\/portal\/wp-content\/uploads\/2025\/10\/WhatsApp-Image-2025-10-29-at-09.13.44.jpeg\" alt=\"\" class=\"wp-image-13201\"\/><\/figure>\n\n\n\n<figure class=\"wp-block-image size-large\"><img decoding=\"async\" width=\"1279\" height=\"1600\" data-id=\"13197\" src=\"https:\/\/www.santaritadopassaquatro.sp.gov.br\/portal\/wp-content\/uploads\/2025\/10\/WhatsApp-Image-2025-10-29-at-09.13.45-1.jpeg\" alt=\"\" class=\"wp-image-13197\"\/><\/figure>\n\n\n\n<figure class=\"wp-block-image size-large\"><img decoding=\"async\" width=\"1279\" height=\"1600\" data-id=\"13199\" src=\"https:\/\/www.santaritadopassaquatro.sp.gov.br\/portal\/wp-content\/uploads\/2025\/10\/WhatsApp-Image-2025-10-29-at-09.13.46-1.jpeg\" alt=\"\" class=\"wp-image-13199\"\/><\/figure>\n\n\n\n<figure class=\"wp-block-image size-large\"><img decoding=\"async\" width=\"1279\" height=\"1600\" data-id=\"13200\" src=\"https:\/\/www.santaritadopassaquatro.sp.gov.br\/portal\/wp-content\/uploads\/2025\/10\/WhatsApp-Image-2025-10-29-at-09.13.46-2.jpeg\" alt=\"\" class=\"wp-image-13200\"\/><\/figure>\n\n\n\n<figure class=\"wp-block-image size-large\"><img decoding=\"async\" width=\"1279\" height=\"1600\" data-id=\"13198\" src=\"https:\/\/www.santaritadopassaquatro.sp.gov.br\/portal\/wp-content\/uploads\/2025\/10\/WhatsApp-Image-2025-10-29-at-09.13.46.jpeg\" alt=\"\" class=\"wp-image-13198\"\/><\/figure>\n<\/figure>\n","protected":false},"excerpt":{"rendered":"<p>O funcion\u00e1rio Gabriel Bonetti Scarabel esteve presente na horta do Lar, onde conversou com as crian\u00e7as do 1\u00ba ao 5\u00ba<\/p>\n","protected":false},"author":1,"featured_media":13202,"comment_status":"closed","ping_status":"open","sticky":false,"template":"","format":"standard","meta":{"footnotes":""},"categories":[53],"tags":[],"class_list":["post-13196","post","type-post","status-publish","format-standard","has-post-thumbnail","hentry","category-meio-ambiente"],"_links":{"self":[{"href":"https:\/\/www.santaritadopassaquatro.sp.gov.br\/portal\/wp-json\/wp\/v2\/posts\/13196","targetHints":{"allow":["GET"]}}],"collection":[{"href":"https:\/\/www.santaritadopassaquatro.sp.gov.br\/portal\/wp-json\/wp\/v2\/posts"}],"about":[{"href":"https:\/\/www.santaritadopassaquatro.sp.gov.br\/portal\/wp-json\/wp\/v2\/types\/post"}],"author":[{"embeddable":true,"href":"https:\/\/www.santaritadopassaquatro.sp.gov.br\/portal\/wp-json\/wp\/v2\/users\/1"}],"replies":[{"embeddable":true,"href":"https:\/\/www.santaritadopassaquatro.sp.gov.br\/portal\/wp-json\/wp\/v2\/comments?post=13196"}],"version-history":[{"count":1,"href":"https:\/\/www.santaritadopassaquatro.sp.gov.br\/portal\/wp-json\/wp\/v2\/posts\/13196\/revisions"}],"predecessor-version":[{"id":13203,"href":"https:\/\/www.santaritadopassaquatro.sp.gov.br\/portal\/wp-json\/wp\/v2\/posts\/13196\/revisions\/13203"}],"wp:featuredmedia":[{"embeddable":true,"href":"https:\/\/www.santaritadopassaquatro.sp.gov.br\/portal\/wp-json\/wp\/v2\/media\/13202"}],"wp:attachment":[{"href":"https:\/\/www.santaritadopassaquatro.sp.gov.br\/portal\/wp-json\/wp\/v2\/media?parent=13196"}],"wp:term":[{"taxonomy":"category","embeddable":true,"href":"https:\/\/www.santaritadopassaquatro.sp.gov.br\/portal\/wp-json\/wp\/v2\/categories?post=13196"},{"taxonomy":"post_tag","embeddable":true,"href":"https:\/\/www.santaritadopassaquatro.sp.gov.br\/portal\/wp-json\/wp\/v2\/tags?post=13196"}],"curies":[{"name":"wp","href":"https:\/\/api.w.org\/{rel}","templated":true}]}}