{"id":13217,"date":"2025-11-06T17:21:27","date_gmt":"2025-11-06T20:21:27","guid":{"rendered":"https:\/\/www.santaritadopassaquatro.sp.gov.br\/portal\/?p=13217"},"modified":"2025-11-06T17:21:29","modified_gmt":"2025-11-06T20:21:29","slug":"atencao-produtora-rural-%f0%9f%90%84%f0%9f%90%91%f0%9f%90%96","status":"publish","type":"post","link":"https:\/\/www.santaritadopassaquatro.sp.gov.br\/portal\/atencao-produtora-rural-%f0%9f%90%84%f0%9f%90%91%f0%9f%90%96\/","title":{"rendered":"ATEN\u00c7\u00c3O, PRODUTOR(A) RURAL! \ud83d\udc04\ud83d\udc11\ud83d\udc16"},"content":{"rendered":"\n<p>A Declara\u00e7\u00e3o e Atualiza\u00e7\u00e3o de Saldo de Rebanhos referente a novembro de 2025 j\u00e1 est\u00e1 aberta!<br>\ud83d\udcc5 Per\u00edodo: de 29\/10\/2025 at\u00e9 15\/12\/2025<\/p>\n\n\n\n<p>\ud83d\udc49 \u00c9 obrigat\u00f3rio declarar TODOS os rebanhos, n\u00e3o apenas bovinos e bubalinos!<\/p>\n\n\n\n<p>\u26a0\ufe0f Quem n\u00e3o fizer a declara\u00e7\u00e3o dentro do prazo estar\u00e1 sujeito a:<\/p>\n\n\n\n<p>Bloqueio da movimenta\u00e7\u00e3o do rebanho n\u00e3o declarado, at\u00e9 a regulariza\u00e7\u00e3o;<\/p>\n\n\n\n<p>San\u00e7\u00f5es administrativas, conforme a legisla\u00e7\u00e3o vigente.<\/p>\n\n\n\n<p>\ud83d\udca1 N\u00e3o deixe para a \u00faltima hora!<br>Realize sua declara\u00e7\u00e3o dentro do prazo e evite transtornos.<\/p>\n\n\n\n<p>\ud83d\udc68\u200d\ud83c\udf3e Precisa de ajuda para fazer a declara\u00e7\u00e3o?<br>O t\u00e9cnico da Secretaria de Defesa Agropecu\u00e1ria est\u00e1 dispon\u00edvel para orienta\u00e7\u00f5es na Casa da Agricultura, localizada na sede do DAMA, todas as quartas-feiras, das 9h \u00e0s 15h.<\/p>\n\n\n\n<p>\ud83d\udccdMais informa\u00e7\u00f5es no Departamento de Agricultura e Meio Ambiente.<\/p>\n\n\n\n<figure class=\"wp-block-image size-full\"><img decoding=\"async\" width=\"2047\" height=\"2560\" src=\"http:\/\/www.santaritadopassaquatro.sp.gov.br\/portal\/wp-content\/uploads\/2025\/11\/359f3429-429a-4cd4-a88c-68cf2ab89e83.jpg\" alt=\"\" class=\"wp-image-13218\"\/><\/figure>\n","protected":false},"excerpt":{"rendered":"<p>A Declara\u00e7\u00e3o e Atualiza\u00e7\u00e3o de Saldo de Rebanhos referente a novembro de 2025 j\u00e1 est\u00e1 aberta!\ud83d\udcc5 Per\u00edodo: de 29\/10\/2025 at\u00e9<\/p>\n","protected":false},"author":1,"featured_media":13218,"comment_status":"closed","ping_status":"open","sticky":false,"template":"","format":"standard","meta":{"footnotes":""},"categories":[53],"tags":[],"class_list":["post-13217","post","type-post","status-publish","format-standard","has-post-thumbnail","hentry","category-meio-ambiente"],"_links":{"self":[{"href":"https:\/\/www.santaritadopassaquatro.sp.gov.br\/portal\/wp-json\/wp\/v2\/posts\/13217","targetHints":{"allow":["GET"]}}],"collection":[{"href":"https:\/\/www.santaritadopassaquatro.sp.gov.br\/portal\/wp-json\/wp\/v2\/posts"}],"about":[{"href":"https:\/\/www.santaritadopassaquatro.sp.gov.br\/portal\/wp-json\/wp\/v2\/types\/post"}],"author":[{"embeddable":true,"href":"https:\/\/www.santaritadopassaquatro.sp.gov.br\/portal\/wp-json\/wp\/v2\/users\/1"}],"replies":[{"embeddable":true,"href":"https:\/\/www.santaritadopassaquatro.sp.gov.br\/portal\/wp-json\/wp\/v2\/comments?post=13217"}],"version-history":[{"count":1,"href":"https:\/\/www.santaritadopassaquatro.sp.gov.br\/portal\/wp-json\/wp\/v2\/posts\/13217\/revisions"}],"predecessor-version":[{"id":13219,"href":"https:\/\/www.santaritadopassaquatro.sp.gov.br\/portal\/wp-json\/wp\/v2\/posts\/13217\/revisions\/13219"}],"wp:featuredmedia":[{"embeddable":true,"href":"https:\/\/www.santaritadopassaquatro.sp.gov.br\/portal\/wp-json\/wp\/v2\/media\/13218"}],"wp:attachment":[{"href":"https:\/\/www.santaritadopassaquatro.sp.gov.br\/portal\/wp-json\/wp\/v2\/media?parent=13217"}],"wp:term":[{"taxonomy":"category","embeddable":true,"href":"https:\/\/www.santaritadopassaquatro.sp.gov.br\/portal\/wp-json\/wp\/v2\/categories?post=13217"},{"taxonomy":"post_tag","embeddable":true,"href":"https:\/\/www.santaritadopassaquatro.sp.gov.br\/portal\/wp-json\/wp\/v2\/tags?post=13217"}],"curies":[{"name":"wp","href":"https:\/\/api.w.org\/{rel}","templated":true}]}}