{"id":1322,"date":"2019-04-26T14:39:07","date_gmt":"2019-04-26T17:39:07","guid":{"rendered":"http:\/\/www.santaritadopassaquatro.sp.gov.br\/portal\/?p=1322"},"modified":"2019-04-26T14:48:30","modified_gmt":"2019-04-26T17:48:30","slug":"inscricoes-para-vestibulinho-da-etec-seguem-ate-o-proximo-dia-15-de-maio","status":"publish","type":"post","link":"https:\/\/www.santaritadopassaquatro.sp.gov.br\/portal\/inscricoes-para-vestibulinho-da-etec-seguem-ate-o-proximo-dia-15-de-maio\/","title":{"rendered":"Inscri\u00e7\u00f5es para Vestibulinho da ETEC seguem at\u00e9 o pr\u00f3ximo dia 15 de maio"},"content":{"rendered":"<p><strong><em>\u00a0<\/em><\/strong><strong><em>Como parte do trabalho de incentivo ao desenvolvimento do turismo no munic\u00edpio, Escola Agr\u00edcola ir\u00e1 oferecer curso de Turismo Receptivo neste segundo semestre<\/em><\/strong><\/p>\n<p>&nbsp;<\/p>\n<p><img decoding=\"async\" class=\"alignnone size-medium wp-image-1323 alignleft\" src=\"http:\/\/www.santaritadopassaquatro.sp.gov.br\/portal\/wp-content\/uploads\/2019\/04\/cartaz-vestibulinho-2sem-274x300.jpg\" alt=\"\" width=\"274\" height=\"300\" srcset=\"https:\/\/www.santaritadopassaquatro.sp.gov.br\/portal\/wp-content\/uploads\/2019\/04\/cartaz-vestibulinho-2sem-274x300.jpg 274w, https:\/\/www.santaritadopassaquatro.sp.gov.br\/portal\/wp-content\/uploads\/2019\/04\/cartaz-vestibulinho-2sem-768x840.jpg 768w, https:\/\/www.santaritadopassaquatro.sp.gov.br\/portal\/wp-content\/uploads\/2019\/04\/cartaz-vestibulinho-2sem-936x1024.jpg 936w, https:\/\/www.santaritadopassaquatro.sp.gov.br\/portal\/wp-content\/uploads\/2019\/04\/cartaz-vestibulinho-2sem.jpg 1253w\" sizes=\"(max-width: 274px) 100vw, 274px\" \/>Est\u00e3o abertas at\u00e9 o pr\u00f3ximo dia 15 de maio, as inscri\u00e7\u00f5es para o Vestibulinho do 2\u00ba semestre de 2019, da ETEC Manuel dos Reis Ara\u00fajo (Escola Agr\u00edcola), de Santa Rita do Passa Quatro, e a novidade deste ano ser\u00e1 a inclus\u00e3o do curso t\u00e9cnico de Turismo Receptivo.<\/p>\n<p>Com o objetivo de qualificar pessoas para que se tornem profissionais em uma das \u00e1reas que mais geram emprego atualmente no Brasil, o turismo, a Prefeitura Municipal e a ETC local se uniram para oferecer mais esta op\u00e7\u00e3o de curso \u00e0 popula\u00e7\u00e3o.<\/p>\n<p>Ao todo s\u00e3o 40 vagas e as aulas s\u00e3o noturnas, com dura\u00e7\u00e3o de tr\u00eas m\u00f3dulos semestrais, totalizando uma ano e meio de curso.<\/p>\n<p>As inscri\u00e7\u00f5es devem ser feitas pela internet, no site www.vestibulinhoetec.com.br e prazo segue at\u00e9 dia 15 de maio, quarta-feira, \u00e0s 15 horas. A prova acontece no dia 16 de julho. Mais informa\u00e7\u00f5es podem ser obtidas pelo telefone 0800 772-2829.<\/p>\n<p>O curso de Turismo Receptivo \u00e9 uma conquista do prefeito Leandro Luciano dos Santos, juntamente com a dire\u00e7\u00e3o da ETEC, em busca de qualifica\u00e7\u00e3o de profissional no setor de turismo, que vem recebendo v\u00e1rios investimentos no munic\u00edpio e certamente ir\u00e1 gerar empregos.<\/p>\n<p>Em 2018, foram v\u00e1rias reuni\u00f5es foram feitas na Superintend\u00eancia do Centro Paula Souza, entidade mantenedora das ETCs, com o prefeito e a diretora da escola e a Maria Salete Zufelato Vencel, em busca deste e outros cursos na \u00e1rea,<\/p>\n<p>&nbsp;<\/p>\n<p>A parceria entre o Poder P\u00fablico Municipal e a ETC visa promover o turismo local, oferecendo melhorias na recep\u00e7\u00e3o dos turistas e desenvolvimento da cidade como uma est\u00e2ncia.<\/p>\n<p>Com o aux\u00edlio da Prefeitura, est\u00e1 sendo montado um laborat\u00f3rio de Turismo Receptivo, para que os alunos desenvolvam as pr\u00e1ticas necess\u00e1rias \u00e0s habilidades e compet\u00eancias exigidas para a Habilita\u00e7\u00e3o Profissional de T\u00e9cnico em Turismo Receptivo.<\/p>\n<p>O curso ir\u00e1 formar de m\u00e3o-de-obra qualificada para atender o setor de turismo, buscando a capacita\u00e7\u00e3o da popula\u00e7\u00e3o local, oferecendo novas oportunidades de emprego na \u00e1rea.<\/p>\n<p>&nbsp;<\/p>\n<p><strong><em>FOTO:<\/em><\/strong><em> Prefeito com diretora da ETEC, vereadores e diretor de turismo quando recebeu\u00a0 a confirma\u00e7\u00e3o do curso em Santa Rita (Divulga\u00e7\u00e3o)<\/em><\/p>\n<p>&nbsp;<\/p>\n<p>&nbsp;<\/p>\n<p>&nbsp;<\/p>\n<p>&nbsp;<\/p>\n<p>&nbsp;<\/p>\n","protected":false},"excerpt":{"rendered":"<p>\u00a0Como parte do trabalho de incentivo ao desenvolvimento do turismo no munic\u00edpio, Escola Agr\u00edcola ir\u00e1 oferecer curso de Turismo Receptivo<\/p>\n","protected":false},"author":1,"featured_media":1323,"comment_status":"closed","ping_status":"open","sticky":false,"template":"","format":"standard","meta":{"footnotes":""},"categories":[28,52,60],"tags":[],"class_list":["post-1322","post","type-post","status-publish","format-standard","has-post-thumbnail","hentry","category-educacao","category-latest","category-turismo"],"_links":{"self":[{"href":"https:\/\/www.santaritadopassaquatro.sp.gov.br\/portal\/wp-json\/wp\/v2\/posts\/1322","targetHints":{"allow":["GET"]}}],"collection":[{"href":"https:\/\/www.santaritadopassaquatro.sp.gov.br\/portal\/wp-json\/wp\/v2\/posts"}],"about":[{"href":"https:\/\/www.santaritadopassaquatro.sp.gov.br\/portal\/wp-json\/wp\/v2\/types\/post"}],"author":[{"embeddable":true,"href":"https:\/\/www.santaritadopassaquatro.sp.gov.br\/portal\/wp-json\/wp\/v2\/users\/1"}],"replies":[{"embeddable":true,"href":"https:\/\/www.santaritadopassaquatro.sp.gov.br\/portal\/wp-json\/wp\/v2\/comments?post=1322"}],"version-history":[{"count":1,"href":"https:\/\/www.santaritadopassaquatro.sp.gov.br\/portal\/wp-json\/wp\/v2\/posts\/1322\/revisions"}],"predecessor-version":[{"id":1324,"href":"https:\/\/www.santaritadopassaquatro.sp.gov.br\/portal\/wp-json\/wp\/v2\/posts\/1322\/revisions\/1324"}],"wp:featuredmedia":[{"embeddable":true,"href":"https:\/\/www.santaritadopassaquatro.sp.gov.br\/portal\/wp-json\/wp\/v2\/media\/1323"}],"wp:attachment":[{"href":"https:\/\/www.santaritadopassaquatro.sp.gov.br\/portal\/wp-json\/wp\/v2\/media?parent=1322"}],"wp:term":[{"taxonomy":"category","embeddable":true,"href":"https:\/\/www.santaritadopassaquatro.sp.gov.br\/portal\/wp-json\/wp\/v2\/categories?post=1322"},{"taxonomy":"post_tag","embeddable":true,"href":"https:\/\/www.santaritadopassaquatro.sp.gov.br\/portal\/wp-json\/wp\/v2\/tags?post=1322"}],"curies":[{"name":"wp","href":"https:\/\/api.w.org\/{rel}","templated":true}]}}