{"id":13267,"date":"2025-11-24T10:54:09","date_gmt":"2025-11-24T13:54:09","guid":{"rendered":"https:\/\/www.santaritadopassaquatro.sp.gov.br\/portal\/?p=13267"},"modified":"2025-11-24T10:54:10","modified_gmt":"2025-11-24T13:54:10","slug":"educacao-ambiental-na-primeira-infancia-dama-realiza-plantio-de-arvore-na-creche-assumpta-piovatto","status":"publish","type":"post","link":"https:\/\/www.santaritadopassaquatro.sp.gov.br\/portal\/educacao-ambiental-na-primeira-infancia-dama-realiza-plantio-de-arvore-na-creche-assumpta-piovatto\/","title":{"rendered":"Educa\u00e7\u00e3o Ambiental na Primeira Inf\u00e2ncia: DAMA realiza plantio de \u00e1rvore na Creche Assumpta Piovatto"},"content":{"rendered":"\n<p>Na \u00faltima semana, o Departamento de Agricultura e Meio Ambiente (DAMA) realizou uma a\u00e7\u00e3o especial de educa\u00e7\u00e3o ambiental com os alunos do Maternal I e Maternal II da Creche Assumpta Piovatto. As crian\u00e7as participaram do plantio de uma muda de Pitanga, uma \u00e1rvore nativa brasileira conhecida por seus frutos saborosos, seu papel na alimenta\u00e7\u00e3o da fauna e sua beleza caracter\u00edstica.<\/p>\n\n\n\n<p>A atividade foi conduzida de forma l\u00fadica e participativa, permitindo que os pequenos tivessem contato direto com a terra, as ferramentas e o cuidado com a natureza \u2014 momentos que despertam a curiosidade e fortalecem a conex\u00e3o das crian\u00e7as com o meio ambiente desde cedo.<\/p>\n\n\n\n<p>\ud83c\udf3f Por que a Pitanga?<br>Al\u00e9m de ser uma esp\u00e9cie nativa extremamente adaptada ao nosso clima, a pitangueira auxilia na conserva\u00e7\u00e3o da biodiversidade, atrai p\u00e1ssaros e polinizadores e contribui para a melhoria da qualidade do ar. Plantar uma \u00e1rvore \u00e9 plantar futuro \u2014 e envolver as crian\u00e7as nesse processo torna o aprendizado ainda mais significativo.<\/p>\n\n\n\n<p>\ud83d\udc67\ud83e\uddd2 Aprender na pr\u00e1tica:<br>Ao acompanhar o plantio, os alunos puderam entender a import\u00e2ncia das \u00e1rvores para a vida na Terra, o ciclo de crescimento das plantas e os cuidados necess\u00e1rios para que a muda cres\u00e7a forte e saud\u00e1vel. A viv\u00eancia tamb\u00e9m incentivou valores como responsabilidade, respeito e cuidado com a natureza.<\/p>\n\n\n\n<p>\ud83c\udf0e A a\u00e7\u00e3o integra as iniciativas do DAMA para promover a sustentabilidade e a educa\u00e7\u00e3o ambiental no munic\u00edpio, refor\u00e7ando o compromisso de formar cidad\u00e3os mais conscientes e engajados com o futuro do planeta.<\/p>\n\n\n\n<p>\ud83d\udc9a Cuidar do meio ambiente \u00e9 um gesto di\u00e1rio \u2014 e come\u00e7a desde cedo!<\/p>\n\n\n\n<figure class=\"wp-block-gallery has-nested-images columns-default is-cropped wp-block-gallery-1 is-layout-flex wp-block-gallery-is-layout-flex\">\n<figure class=\"wp-block-image size-large\"><img decoding=\"async\" width=\"1279\" height=\"1600\" data-id=\"13272\" src=\"https:\/\/www.santaritadopassaquatro.sp.gov.br\/portal\/wp-content\/uploads\/2025\/11\/WhatsApp-Image-2025-11-24-at-10.40.41-2.jpeg\" alt=\"\" class=\"wp-image-13272\"\/><\/figure>\n\n\n\n<figure class=\"wp-block-image size-large\"><img decoding=\"async\" width=\"1279\" height=\"1600\" data-id=\"13271\" src=\"https:\/\/www.santaritadopassaquatro.sp.gov.br\/portal\/wp-content\/uploads\/2025\/11\/WhatsApp-Image-2025-11-24-at-10.40.41.jpeg\" alt=\"\" class=\"wp-image-13271\"\/><\/figure>\n\n\n\n<figure class=\"wp-block-image size-large\"><img decoding=\"async\" width=\"1279\" height=\"1600\" data-id=\"13269\" src=\"https:\/\/www.santaritadopassaquatro.sp.gov.br\/portal\/wp-content\/uploads\/2025\/11\/WhatsApp-Image-2025-11-24-at-10.40.42-1.jpeg\" alt=\"\" class=\"wp-image-13269\"\/><\/figure>\n\n\n\n<figure class=\"wp-block-image size-large\"><img decoding=\"async\" width=\"1279\" height=\"1600\" data-id=\"13270\" src=\"https:\/\/www.santaritadopassaquatro.sp.gov.br\/portal\/wp-content\/uploads\/2025\/11\/WhatsApp-Image-2025-11-24-at-10.40.42-2.jpeg\" alt=\"\" class=\"wp-image-13270\"\/><\/figure>\n\n\n\n<figure class=\"wp-block-image size-large\"><img decoding=\"async\" width=\"1279\" height=\"1600\" data-id=\"13273\" src=\"https:\/\/www.santaritadopassaquatro.sp.gov.br\/portal\/wp-content\/uploads\/2025\/11\/WhatsApp-Image-2025-11-24-at-10.40.42.jpeg\" alt=\"\" class=\"wp-image-13273\"\/><\/figure>\n<\/figure>\n","protected":false},"excerpt":{"rendered":"<p>Na \u00faltima semana, o Departamento de Agricultura e Meio Ambiente (DAMA) realizou uma a\u00e7\u00e3o especial de educa\u00e7\u00e3o ambiental com os<\/p>\n","protected":false},"author":1,"featured_media":13268,"comment_status":"closed","ping_status":"open","sticky":false,"template":"","format":"standard","meta":{"footnotes":""},"categories":[53],"tags":[],"class_list":["post-13267","post","type-post","status-publish","format-standard","has-post-thumbnail","hentry","category-meio-ambiente"],"_links":{"self":[{"href":"https:\/\/www.santaritadopassaquatro.sp.gov.br\/portal\/wp-json\/wp\/v2\/posts\/13267","targetHints":{"allow":["GET"]}}],"collection":[{"href":"https:\/\/www.santaritadopassaquatro.sp.gov.br\/portal\/wp-json\/wp\/v2\/posts"}],"about":[{"href":"https:\/\/www.santaritadopassaquatro.sp.gov.br\/portal\/wp-json\/wp\/v2\/types\/post"}],"author":[{"embeddable":true,"href":"https:\/\/www.santaritadopassaquatro.sp.gov.br\/portal\/wp-json\/wp\/v2\/users\/1"}],"replies":[{"embeddable":true,"href":"https:\/\/www.santaritadopassaquatro.sp.gov.br\/portal\/wp-json\/wp\/v2\/comments?post=13267"}],"version-history":[{"count":1,"href":"https:\/\/www.santaritadopassaquatro.sp.gov.br\/portal\/wp-json\/wp\/v2\/posts\/13267\/revisions"}],"predecessor-version":[{"id":13274,"href":"https:\/\/www.santaritadopassaquatro.sp.gov.br\/portal\/wp-json\/wp\/v2\/posts\/13267\/revisions\/13274"}],"wp:featuredmedia":[{"embeddable":true,"href":"https:\/\/www.santaritadopassaquatro.sp.gov.br\/portal\/wp-json\/wp\/v2\/media\/13268"}],"wp:attachment":[{"href":"https:\/\/www.santaritadopassaquatro.sp.gov.br\/portal\/wp-json\/wp\/v2\/media?parent=13267"}],"wp:term":[{"taxonomy":"category","embeddable":true,"href":"https:\/\/www.santaritadopassaquatro.sp.gov.br\/portal\/wp-json\/wp\/v2\/categories?post=13267"},{"taxonomy":"post_tag","embeddable":true,"href":"https:\/\/www.santaritadopassaquatro.sp.gov.br\/portal\/wp-json\/wp\/v2\/tags?post=13267"}],"curies":[{"name":"wp","href":"https:\/\/api.w.org\/{rel}","templated":true}]}}