{"id":1328,"date":"2019-04-26T14:44:32","date_gmt":"2019-04-26T17:44:32","guid":{"rendered":"http:\/\/www.santaritadopassaquatro.sp.gov.br\/portal\/?p=1328"},"modified":"2019-04-26T14:44:32","modified_gmt":"2019-04-26T17:44:32","slug":"prefeitura-concluiu-pavimentacao-em-duas-importantes-ruas-na-cidade","status":"publish","type":"post","link":"https:\/\/www.santaritadopassaquatro.sp.gov.br\/portal\/prefeitura-concluiu-pavimentacao-em-duas-importantes-ruas-na-cidade\/","title":{"rendered":"Prefeitura concluiu pavimenta\u00e7\u00e3o em duas importantes ruas na cidade"},"content":{"rendered":"<p><strong><em>Com recursos do governo federal, obras atendem antiga reivindica\u00e7\u00e3o da popula\u00e7\u00e3o; programa de recapeamento chegou ao Jardim Primavera<\/em><\/strong><\/p>\n<p>&nbsp;<\/p>\n<figure id=\"attachment_1331\" aria-describedby=\"caption-attachment-1331\" style=\"width: 372px\" class=\"wp-caption alignleft\"><img decoding=\"async\" class=\"wp-image-1331 \" src=\"http:\/\/www.santaritadopassaquatro.sp.gov.br\/portal\/wp-content\/uploads\/2019\/04\/asfalto_02_jd_lago-300x200.jpg\" alt=\"\" width=\"372\" height=\"248\" srcset=\"https:\/\/www.santaritadopassaquatro.sp.gov.br\/portal\/wp-content\/uploads\/2019\/04\/asfalto_02_jd_lago-300x200.jpg 300w, https:\/\/www.santaritadopassaquatro.sp.gov.br\/portal\/wp-content\/uploads\/2019\/04\/asfalto_02_jd_lago-768x512.jpg 768w, https:\/\/www.santaritadopassaquatro.sp.gov.br\/portal\/wp-content\/uploads\/2019\/04\/asfalto_02_jd_lago-1024x682.jpg 1024w, https:\/\/www.santaritadopassaquatro.sp.gov.br\/portal\/wp-content\/uploads\/2019\/04\/asfalto_02_jd_lago.jpg 1976w\" sizes=\"(max-width: 372px) 100vw, 372px\" \/><figcaption id=\"caption-attachment-1331\" class=\"wp-caption-text\"><span style=\"font-size: 8pt; color: #999999;\"><em><strong>Obras na Avenida Andr\u00e9 Souza Pinto Toledo, que contorna o Jardim do Lago, tamb\u00e9m atendem a reivindica\u00e7\u00e3o da popula\u00e7\u00e3o (AssCom\/Divulga\u00e7\u00e3o)<\/strong><\/em><\/span><\/figcaption><\/figure>\n<p>Duas importantes ruas cidade que ainda necessitavam de pavimenta\u00e7\u00e3o, tiveram suas obras conclu\u00eddas na semana passada. Cada uma com cerca de 200 metros de comprimento, a Alameda Juca Castro e a Avenida Andr\u00e9 Souza Pinto Toledo, que contorna o parque municipal Jardim do Lago, recebem investimentos de R$ 245,8 mil, com recursos federais, do Minist\u00e9rio das Cidades, com apoio do deputado Paulo Teixeira (PT), por interm\u00e9dio do vereador Kleber Borotto.<\/p>\n<figure id=\"attachment_1330\" aria-describedby=\"caption-attachment-1330\" style=\"width: 300px\" class=\"wp-caption alignright\"><img decoding=\"async\" class=\"wp-image-1330 size-medium\" src=\"http:\/\/www.santaritadopassaquatro.sp.gov.br\/portal\/wp-content\/uploads\/2019\/04\/asfalto_01_alameda_juca_castro-300x200.jpg\" alt=\"\" width=\"300\" height=\"200\" srcset=\"https:\/\/www.santaritadopassaquatro.sp.gov.br\/portal\/wp-content\/uploads\/2019\/04\/asfalto_01_alameda_juca_castro-300x200.jpg 300w, https:\/\/www.santaritadopassaquatro.sp.gov.br\/portal\/wp-content\/uploads\/2019\/04\/asfalto_01_alameda_juca_castro-768x512.jpg 768w, https:\/\/www.santaritadopassaquatro.sp.gov.br\/portal\/wp-content\/uploads\/2019\/04\/asfalto_01_alameda_juca_castro-1024x682.jpg 1024w, https:\/\/www.santaritadopassaquatro.sp.gov.br\/portal\/wp-content\/uploads\/2019\/04\/asfalto_01_alameda_juca_castro.jpg 1976w\" sizes=\"(max-width: 300px) 100vw, 300px\" \/><figcaption id=\"caption-attachment-1330\" class=\"wp-caption-text\"><span style=\"font-size: 8pt; color: #999999;\"><em><strong>Prefeito e o vereador Kleber Borotto, nas obras de pavimenta\u00e7\u00e3o da Alameda Juca de Castro (AssCom\/Divulga\u00e7\u00e3o)<\/strong><\/em><\/span><\/figcaption><\/figure>\n<p>No total, forma realizados 4.458,17 metros quadrados de pavimenta\u00e7\u00e3o asf\u00e1ltica pela empresa DGB Engenharia, a mesma que vem trabalhando no recapeamento de ruas na cidade.<\/p>\n<p>O prefeito Leandro Luciano dos Santos, acompanhado do vereador, esteve presente em todos o momentos da obra, que foi conclu\u00edda no \u00faltimo dia 18\/4, v\u00e9spera do feriado de Sexta-feira Santa.<\/p>\n<p>\u201cCom o pa\u00eds em crise, os investimentos em Santa Rita n\u00e3o param! Quero agradecer meu amigo, vereador Kleber Borotto, por nos ajudar em mais uma conquista para nossa popula\u00e7\u00e3o, mais uma benfeitoria realizada. Turismo forte \u00e9 turismo trabalhando em prol da cidade\u201d, disse o prefeito.<\/p>\n<p>&nbsp;<\/p>\n<p><strong>MAIS RECAPEAMENTO<\/strong><\/p>\n<figure id=\"attachment_1329\" aria-describedby=\"caption-attachment-1329\" style=\"width: 300px\" class=\"wp-caption alignleft\"><img decoding=\"async\" class=\"wp-image-1329 size-medium\" src=\"http:\/\/www.santaritadopassaquatro.sp.gov.br\/portal\/wp-content\/uploads\/2019\/04\/asfalto_03_jd_primavera-300x200.jpg\" alt=\"\" width=\"300\" height=\"200\" srcset=\"https:\/\/www.santaritadopassaquatro.sp.gov.br\/portal\/wp-content\/uploads\/2019\/04\/asfalto_03_jd_primavera-300x200.jpg 300w, https:\/\/www.santaritadopassaquatro.sp.gov.br\/portal\/wp-content\/uploads\/2019\/04\/asfalto_03_jd_primavera-768x512.jpg 768w, https:\/\/www.santaritadopassaquatro.sp.gov.br\/portal\/wp-content\/uploads\/2019\/04\/asfalto_03_jd_primavera-1024x682.jpg 1024w, https:\/\/www.santaritadopassaquatro.sp.gov.br\/portal\/wp-content\/uploads\/2019\/04\/asfalto_03_jd_primavera.jpg 1976w\" sizes=\"(max-width: 300px) 100vw, 300px\" \/><figcaption id=\"caption-attachment-1329\" class=\"wp-caption-text\"><span style=\"font-size: 8pt; color: #999999;\"><em><strong>In\u00edcio do recapeamento no Jardim Primavera, etapa do programa que tamb\u00e9m recebeu apoio de vereadores (AssCom\/Divulga\u00e7\u00e3o)<\/strong><\/em><\/span><\/figcaption><\/figure>\n<p>Esta semana tamb\u00e9m iniciaram as obras de recapeamento no Jardim Primavera.\u00a0 O trabalho faz parte do programa que \u00e9 considerado o maior do munic\u00edpio em recupera\u00e7\u00e3o de vias p\u00fablicas. No valor de R$ 508 mil, com recursos conquistados pelo Deputado Federal Carlos Sampaio, por solicita\u00e7\u00e3o do prefeito e dos vereadores Lucas Comin, Paulinho Missiatto e Luiz Carlos Bariotto. Ao todo ser\u00e3o mais 15.136 metros quadrados de recapeamento, somando aos mais de 300 mil metros quadrados j\u00e1 executados na cidade. \u201cAgrade\u00e7o tamb\u00e9m o apoio dos vereadores Lucas, Paulinho e Bariotto que, comprometidos com desenvolvimento do munic\u00edpio, nos ajudaram na conquista de mais esta verba\u201d, concluiu o prefeito.<\/p>\n<p>&nbsp;<\/p>\n<p>&nbsp;<\/p>\n<p>&nbsp;<\/p>\n<p>&nbsp;<\/p>\n<p>&nbsp;<\/p>\n<p>&nbsp;<\/p>\n<p>&nbsp;<\/p>\n<p>&nbsp;<\/p>\n<p>&nbsp;<\/p>\n","protected":false},"excerpt":{"rendered":"<p>Com recursos do governo federal, obras atendem antiga reivindica\u00e7\u00e3o da popula\u00e7\u00e3o; programa de recapeamento chegou ao Jardim Primavera &nbsp; Duas<\/p>\n","protected":false},"author":1,"featured_media":1329,"comment_status":"closed","ping_status":"open","sticky":false,"template":"","format":"standard","meta":{"footnotes":""},"categories":[44,52,55],"tags":[],"class_list":["post-1328","post","type-post","status-publish","format-standard","has-post-thumbnail","hentry","category-cidades","category-latest","category-obras"],"_links":{"self":[{"href":"https:\/\/www.santaritadopassaquatro.sp.gov.br\/portal\/wp-json\/wp\/v2\/posts\/1328","targetHints":{"allow":["GET"]}}],"collection":[{"href":"https:\/\/www.santaritadopassaquatro.sp.gov.br\/portal\/wp-json\/wp\/v2\/posts"}],"about":[{"href":"https:\/\/www.santaritadopassaquatro.sp.gov.br\/portal\/wp-json\/wp\/v2\/types\/post"}],"author":[{"embeddable":true,"href":"https:\/\/www.santaritadopassaquatro.sp.gov.br\/portal\/wp-json\/wp\/v2\/users\/1"}],"replies":[{"embeddable":true,"href":"https:\/\/www.santaritadopassaquatro.sp.gov.br\/portal\/wp-json\/wp\/v2\/comments?post=1328"}],"version-history":[{"count":0,"href":"https:\/\/www.santaritadopassaquatro.sp.gov.br\/portal\/wp-json\/wp\/v2\/posts\/1328\/revisions"}],"wp:featuredmedia":[{"embeddable":true,"href":"https:\/\/www.santaritadopassaquatro.sp.gov.br\/portal\/wp-json\/wp\/v2\/media\/1329"}],"wp:attachment":[{"href":"https:\/\/www.santaritadopassaquatro.sp.gov.br\/portal\/wp-json\/wp\/v2\/media?parent=1328"}],"wp:term":[{"taxonomy":"category","embeddable":true,"href":"https:\/\/www.santaritadopassaquatro.sp.gov.br\/portal\/wp-json\/wp\/v2\/categories?post=1328"},{"taxonomy":"post_tag","embeddable":true,"href":"https:\/\/www.santaritadopassaquatro.sp.gov.br\/portal\/wp-json\/wp\/v2\/tags?post=1328"}],"curies":[{"name":"wp","href":"https:\/\/api.w.org\/{rel}","templated":true}]}}