{"id":13282,"date":"2025-11-26T15:53:14","date_gmt":"2025-11-26T18:53:14","guid":{"rendered":"https:\/\/www.santaritadopassaquatro.sp.gov.br\/portal\/?p=13282"},"modified":"2025-11-26T15:53:15","modified_gmt":"2025-11-26T18:53:15","slug":"plantio-na-creche-antonia-gusman-scorsolini-%f0%9f%8c%b1","status":"publish","type":"post","link":"https:\/\/www.santaritadopassaquatro.sp.gov.br\/portal\/plantio-na-creche-antonia-gusman-scorsolini-%f0%9f%8c%b1\/","title":{"rendered":"Plantio na Creche Antonia Gusman Scorsolini! \ud83c\udf31"},"content":{"rendered":"\n<p>Nesta \u00faltima sexta-feira, a Creche Antonia Gusman Scorsolini se encheu de vida e aprendizado! Nossos pequenos exploradores do Maternal I e II participaram de uma linda iniciativa de plantio, organizada pelo Departamento de Agricultura e Meio Ambiente (DAMA).<br>M\u00e3o na Terra e Cora\u00e7\u00e3o na Natureza<br>Com a ajuda dos educadores e do pessoal do DAMA, as crian\u00e7as colocaram as m\u00e3os na terra e aprenderam, na pr\u00e1tica, sobre a import\u00e2ncia de cuidar do nosso planeta. Foram plantadas tr\u00eas mudas frut\u00edferas que, com carinho e cuidado, ir\u00e3o crescer e oferecer sombra e frutos deliciosos:<br>Duas mudas de Amora<br>Uma muda de Pitanga<\/p>\n\n\n\n<p>A Grande Import\u00e2ncia das \u00c1rvores \ud83d\udc9a<br>O plantio de \u00e1rvores \u00e9 um ato de amor e responsabilidade com o futuro. As \u00e1rvores s\u00e3o essenciais para a nossa vida e para o meio ambiente, pois:<br>Purificam o Ar: Elas absorvem o g\u00e1s carb\u00f4nico e liberam o oxig\u00eanio que respiramos.<br>Oferecem Sombra e Frescor: Ajudam a reduzir o calor, tornando o ambiente mais agrad\u00e1vel, especialmente no p\u00e1tio da creche.<br>Garantem o Alimento e Abrigo: Suas frutas alimentam e suas copas abrigam diversas esp\u00e9cies de animais.<br>Ensinam e Conectam: O contato com a natureza desde cedo estimula a curiosidade, o respeito e a conscientiza\u00e7\u00e3o ambiental em nossas crian\u00e7as.<br>Parab\u00e9ns a todos os alunos por tornarem a creche um lugar ainda mais verde e cheio de vida! Agora \u00e9 hora de regar e acompanhar o crescimento dessas novas moradoras!<\/p>\n\n\n\n<figure class=\"wp-block-gallery has-nested-images columns-default is-cropped wp-block-gallery-1 is-layout-flex wp-block-gallery-is-layout-flex\">\n<figure class=\"wp-block-image size-large\"><img decoding=\"async\" width=\"1279\" height=\"1600\" data-id=\"13285\" src=\"https:\/\/www.santaritadopassaquatro.sp.gov.br\/portal\/wp-content\/uploads\/2025\/11\/WhatsApp-Image-2025-11-26-at-15.46.03.jpeg\" alt=\"\" class=\"wp-image-13285\"\/><\/figure>\n\n\n\n<figure class=\"wp-block-image size-large\"><img decoding=\"async\" width=\"1279\" height=\"1600\" data-id=\"13286\" src=\"https:\/\/www.santaritadopassaquatro.sp.gov.br\/portal\/wp-content\/uploads\/2025\/11\/WhatsApp-Image-2025-11-26-at-15.46.04-1.jpeg\" alt=\"\" class=\"wp-image-13286\"\/><\/figure>\n\n\n\n<figure class=\"wp-block-image size-large\"><img decoding=\"async\" width=\"1279\" height=\"1600\" data-id=\"13284\" src=\"https:\/\/www.santaritadopassaquatro.sp.gov.br\/portal\/wp-content\/uploads\/2025\/11\/WhatsApp-Image-2025-11-26-at-15.46.04-2.jpeg\" alt=\"\" class=\"wp-image-13284\"\/><\/figure>\n\n\n\n<figure class=\"wp-block-image size-large\"><img decoding=\"async\" width=\"1279\" height=\"1600\" data-id=\"13287\" src=\"https:\/\/www.santaritadopassaquatro.sp.gov.br\/portal\/wp-content\/uploads\/2025\/11\/WhatsApp-Image-2025-11-26-at-15.46.04-3.jpeg\" alt=\"\" class=\"wp-image-13287\"\/><\/figure>\n\n\n\n<figure class=\"wp-block-image size-large\"><img decoding=\"async\" width=\"1279\" height=\"1600\" data-id=\"13288\" src=\"https:\/\/www.santaritadopassaquatro.sp.gov.br\/portal\/wp-content\/uploads\/2025\/11\/WhatsApp-Image-2025-11-26-at-15.46.04.jpeg\" alt=\"\" class=\"wp-image-13288\"\/><\/figure>\n<\/figure>\n","protected":false},"excerpt":{"rendered":"<p>Nesta \u00faltima sexta-feira, a Creche Antonia Gusman Scorsolini se encheu de vida e aprendizado! Nossos pequenos exploradores do Maternal I<\/p>\n","protected":false},"author":1,"featured_media":13283,"comment_status":"closed","ping_status":"open","sticky":false,"template":"","format":"standard","meta":{"footnotes":""},"categories":[53],"tags":[],"class_list":["post-13282","post","type-post","status-publish","format-standard","has-post-thumbnail","hentry","category-meio-ambiente"],"_links":{"self":[{"href":"https:\/\/www.santaritadopassaquatro.sp.gov.br\/portal\/wp-json\/wp\/v2\/posts\/13282","targetHints":{"allow":["GET"]}}],"collection":[{"href":"https:\/\/www.santaritadopassaquatro.sp.gov.br\/portal\/wp-json\/wp\/v2\/posts"}],"about":[{"href":"https:\/\/www.santaritadopassaquatro.sp.gov.br\/portal\/wp-json\/wp\/v2\/types\/post"}],"author":[{"embeddable":true,"href":"https:\/\/www.santaritadopassaquatro.sp.gov.br\/portal\/wp-json\/wp\/v2\/users\/1"}],"replies":[{"embeddable":true,"href":"https:\/\/www.santaritadopassaquatro.sp.gov.br\/portal\/wp-json\/wp\/v2\/comments?post=13282"}],"version-history":[{"count":1,"href":"https:\/\/www.santaritadopassaquatro.sp.gov.br\/portal\/wp-json\/wp\/v2\/posts\/13282\/revisions"}],"predecessor-version":[{"id":13289,"href":"https:\/\/www.santaritadopassaquatro.sp.gov.br\/portal\/wp-json\/wp\/v2\/posts\/13282\/revisions\/13289"}],"wp:featuredmedia":[{"embeddable":true,"href":"https:\/\/www.santaritadopassaquatro.sp.gov.br\/portal\/wp-json\/wp\/v2\/media\/13283"}],"wp:attachment":[{"href":"https:\/\/www.santaritadopassaquatro.sp.gov.br\/portal\/wp-json\/wp\/v2\/media?parent=13282"}],"wp:term":[{"taxonomy":"category","embeddable":true,"href":"https:\/\/www.santaritadopassaquatro.sp.gov.br\/portal\/wp-json\/wp\/v2\/categories?post=13282"},{"taxonomy":"post_tag","embeddable":true,"href":"https:\/\/www.santaritadopassaquatro.sp.gov.br\/portal\/wp-json\/wp\/v2\/tags?post=13282"}],"curies":[{"name":"wp","href":"https:\/\/api.w.org\/{rel}","templated":true}]}}