{"id":13293,"date":"2025-11-28T15:00:48","date_gmt":"2025-11-28T18:00:48","guid":{"rendered":"https:\/\/www.santaritadopassaquatro.sp.gov.br\/portal\/?p=13293"},"modified":"2025-11-28T15:00:50","modified_gmt":"2025-11-28T18:00:50","slug":"no-ultimo-dia-18-de-novembro-de-2025-santa-rita-do-passa-quatro-teve-mais-um-motivo-para-celebrar-o-compromisso-com-o-meio-ambiente","status":"publish","type":"post","link":"https:\/\/www.santaritadopassaquatro.sp.gov.br\/portal\/no-ultimo-dia-18-de-novembro-de-2025-santa-rita-do-passa-quatro-teve-mais-um-motivo-para-celebrar-o-compromisso-com-o-meio-ambiente\/","title":{"rendered":"No \u00faltimo dia 18 de novembro de 2025, Santa Rita do Passa Quatro teve mais um motivo para celebrar o compromisso com o meio ambiente."},"content":{"rendered":"\n<p>Em uma a\u00e7\u00e3o integrada entre o Departamento de Agricultura e Meio Ambiente (DAMA) e a ETEC \u201cManoel dos Reis Ara\u00fajo\u201d, alunos do curso t\u00e9cnico em Agropecu\u00e1ria participaram do plantio de \u00e1rvores nativas em uma \u00c1rea de Preserva\u00e7\u00e3o Permanente (APP), localizada em propriedade rural de um produtor participante do Projeto de Cadeias Produtivas do Programa Munic\u00edpio Agro.<br>A atividade refor\u00e7ou a import\u00e2ncia da restaura\u00e7\u00e3o ecol\u00f3gica nas propriedades rurais, contribuindo para a prote\u00e7\u00e3o dos recursos h\u00eddricos, o aumento da biodiversidade e a melhoria da qualidade ambiental no munic\u00edpio. Sob orienta\u00e7\u00e3o da equipe t\u00e9cnica e com grande engajamento dos estudantes, o plantio se tornou tamb\u00e9m um momento de aprendizado pr\u00e1tico sobre sustentabilidade, manejo respons\u00e1vel do solo e recupera\u00e7\u00e3o de \u00e1reas sens\u00edveis.<br>O produtor rural parceiro demonstrou grande comprometimento com as diretrizes do Programa Munic\u00edpio Agro, fortalecendo o v\u00ednculo entre a produ\u00e7\u00e3o agr\u00edcola respons\u00e1vel e a conserva\u00e7\u00e3o ambiental.<br>A a\u00e7\u00e3o \u00e9 mais um exemplo de como parcerias entre poder p\u00fablico, institui\u00e7\u00f5es de ensino e produtores rurais podem gerar impactos positivos e duradouros no territ\u00f3rio.<br>\ud83c\udf31 Cuidar do solo, da \u00e1gua e da vegeta\u00e7\u00e3o \u00e9 cultivar o futuro.<\/p>\n\n\n\n<figure class=\"wp-block-gallery has-nested-images columns-default is-cropped wp-block-gallery-1 is-layout-flex wp-block-gallery-is-layout-flex\">\n<figure class=\"wp-block-image size-large\"><img decoding=\"async\" width=\"1280\" height=\"1600\" data-id=\"13295\" src=\"https:\/\/www.santaritadopassaquatro.sp.gov.br\/portal\/wp-content\/uploads\/2025\/11\/WhatsApp-Image-2025-11-28-at-14.43.52-2.jpeg\" alt=\"\" class=\"wp-image-13295\"\/><\/figure>\n\n\n\n<figure class=\"wp-block-image size-large\"><img decoding=\"async\" width=\"1280\" height=\"1600\" data-id=\"13296\" src=\"https:\/\/www.santaritadopassaquatro.sp.gov.br\/portal\/wp-content\/uploads\/2025\/11\/WhatsApp-Image-2025-11-28-at-14.43.52.jpeg\" alt=\"\" class=\"wp-image-13296\"\/><\/figure>\n\n\n\n<figure class=\"wp-block-image size-large\"><img decoding=\"async\" width=\"1280\" height=\"1600\" data-id=\"13299\" src=\"https:\/\/www.santaritadopassaquatro.sp.gov.br\/portal\/wp-content\/uploads\/2025\/11\/WhatsApp-Image-2025-11-28-at-14.43.53-1.jpeg\" alt=\"\" class=\"wp-image-13299\"\/><\/figure>\n\n\n\n<figure class=\"wp-block-image size-large\"><img decoding=\"async\" width=\"1280\" height=\"1600\" data-id=\"13298\" src=\"https:\/\/www.santaritadopassaquatro.sp.gov.br\/portal\/wp-content\/uploads\/2025\/11\/WhatsApp-Image-2025-11-28-at-14.43.53-2.jpeg\" alt=\"\" class=\"wp-image-13298\"\/><\/figure>\n\n\n\n<figure class=\"wp-block-image size-large\"><img decoding=\"async\" width=\"1280\" height=\"1600\" data-id=\"13300\" src=\"https:\/\/www.santaritadopassaquatro.sp.gov.br\/portal\/wp-content\/uploads\/2025\/11\/WhatsApp-Image-2025-11-28-at-14.43.53.jpeg\" alt=\"\" class=\"wp-image-13300\"\/><\/figure>\n\n\n\n<figure class=\"wp-block-image size-large\"><img decoding=\"async\" width=\"1280\" height=\"1600\" data-id=\"13297\" src=\"https:\/\/www.santaritadopassaquatro.sp.gov.br\/portal\/wp-content\/uploads\/2025\/11\/WhatsApp-Image-2025-11-28-at-14.43.54.jpeg\" alt=\"\" class=\"wp-image-13297\"\/><\/figure>\n<\/figure>\n","protected":false},"excerpt":{"rendered":"<p>Em uma a\u00e7\u00e3o integrada entre o Departamento de Agricultura e Meio Ambiente (DAMA) e a ETEC \u201cManoel dos Reis Ara\u00fajo\u201d,<\/p>\n","protected":false},"author":1,"featured_media":13294,"comment_status":"closed","ping_status":"open","sticky":false,"template":"","format":"standard","meta":{"footnotes":""},"categories":[53],"tags":[],"class_list":["post-13293","post","type-post","status-publish","format-standard","has-post-thumbnail","hentry","category-meio-ambiente"],"_links":{"self":[{"href":"https:\/\/www.santaritadopassaquatro.sp.gov.br\/portal\/wp-json\/wp\/v2\/posts\/13293","targetHints":{"allow":["GET"]}}],"collection":[{"href":"https:\/\/www.santaritadopassaquatro.sp.gov.br\/portal\/wp-json\/wp\/v2\/posts"}],"about":[{"href":"https:\/\/www.santaritadopassaquatro.sp.gov.br\/portal\/wp-json\/wp\/v2\/types\/post"}],"author":[{"embeddable":true,"href":"https:\/\/www.santaritadopassaquatro.sp.gov.br\/portal\/wp-json\/wp\/v2\/users\/1"}],"replies":[{"embeddable":true,"href":"https:\/\/www.santaritadopassaquatro.sp.gov.br\/portal\/wp-json\/wp\/v2\/comments?post=13293"}],"version-history":[{"count":1,"href":"https:\/\/www.santaritadopassaquatro.sp.gov.br\/portal\/wp-json\/wp\/v2\/posts\/13293\/revisions"}],"predecessor-version":[{"id":13301,"href":"https:\/\/www.santaritadopassaquatro.sp.gov.br\/portal\/wp-json\/wp\/v2\/posts\/13293\/revisions\/13301"}],"wp:featuredmedia":[{"embeddable":true,"href":"https:\/\/www.santaritadopassaquatro.sp.gov.br\/portal\/wp-json\/wp\/v2\/media\/13294"}],"wp:attachment":[{"href":"https:\/\/www.santaritadopassaquatro.sp.gov.br\/portal\/wp-json\/wp\/v2\/media?parent=13293"}],"wp:term":[{"taxonomy":"category","embeddable":true,"href":"https:\/\/www.santaritadopassaquatro.sp.gov.br\/portal\/wp-json\/wp\/v2\/categories?post=13293"},{"taxonomy":"post_tag","embeddable":true,"href":"https:\/\/www.santaritadopassaquatro.sp.gov.br\/portal\/wp-json\/wp\/v2\/tags?post=13293"}],"curies":[{"name":"wp","href":"https:\/\/api.w.org\/{rel}","templated":true}]}}