{"id":1333,"date":"2019-04-26T14:47:47","date_gmt":"2019-04-26T17:47:47","guid":{"rendered":"http:\/\/www.santaritadopassaquatro.sp.gov.br\/portal\/?p=1333"},"modified":"2019-04-26T14:47:47","modified_gmt":"2019-04-26T17:47:47","slug":"santa-rita-159-anos-programacao-de-aniversario-comeca-neste-feriado-com-torneio-de-pesca-no-jd-do-lago","status":"publish","type":"post","link":"https:\/\/www.santaritadopassaquatro.sp.gov.br\/portal\/santa-rita-159-anos-programacao-de-aniversario-comeca-neste-feriado-com-torneio-de-pesca-no-jd-do-lago\/","title":{"rendered":"SANTA RITA 159 ANOS &#8211;\u00a0Programa\u00e7\u00e3o de anivers\u00e1rio come\u00e7a neste feriado com torneio de pesca no Jd. do Lago  \u00a0"},"content":{"rendered":"<p>&nbsp;<\/p>\n<p><strong><em>Promovidas pelo Departamento Municipal de Cultura, comemora\u00e7\u00f5es ter\u00e3o o m\u00eas todo de atra\u00e7\u00f5es diversas<\/em><\/strong><\/p>\n<p><strong>\u00a0<\/strong><\/p>\n<figure id=\"attachment_1334\" aria-describedby=\"caption-attachment-1334\" style=\"width: 300px\" class=\"wp-caption alignleft\"><img decoding=\"async\" class=\"wp-image-1334 size-medium\" src=\"http:\/\/www.santaritadopassaquatro.sp.gov.br\/portal\/wp-content\/uploads\/2019\/04\/jardim_lago7-300x200.jpg\" alt=\"\" width=\"300\" height=\"200\" srcset=\"https:\/\/www.santaritadopassaquatro.sp.gov.br\/portal\/wp-content\/uploads\/2019\/04\/jardim_lago7-300x200.jpg 300w, https:\/\/www.santaritadopassaquatro.sp.gov.br\/portal\/wp-content\/uploads\/2019\/04\/jardim_lago7-768x512.jpg 768w, https:\/\/www.santaritadopassaquatro.sp.gov.br\/portal\/wp-content\/uploads\/2019\/04\/jardim_lago7-1024x683.jpg 1024w\" sizes=\"(max-width: 300px) 100vw, 300px\" \/><figcaption id=\"caption-attachment-1334\" class=\"wp-caption-text\"><span style=\"font-size: 8pt; color: #999999;\"><em><strong>O Jardim do Lago que ir\u00e1 receber o Torneio de Pesca neste feriado, como in\u00edcio das comemora\u00e7\u00f5es do anivers\u00e1rio da cidade (Arquivo\/AssCom\/Divulga\u00e7\u00e3o)<\/strong><\/em><\/span><\/figcaption><\/figure>\n<p>Santa Rita do Passa Quatro completa 159 anos de funda\u00e7\u00e3o, no pr\u00f3ximo dia 22 de maio, e a Prefeitura Municipal, atrav\u00e9s do Departamento Municipal de Cultura e Turismo preparou uma programa\u00e7\u00e3o especial, com o m\u00eas todo de atividades.<\/p>\n<p>A primeira atividade j\u00e1 come\u00e7a nesta quarta-feira, 1\u00ba de maio, com Torneio de Pesca no Jardim do Lago<strong>, <\/strong>das 6h \u00e0s 11h30. Haver\u00e1 premia\u00e7\u00f5es para pescador mais idoso, mais novo, maior peixe, menor peixe, maior fam\u00edlia unida pescando, maior n\u00famero de peixes pescados. As inscri\u00e7\u00f5es gratuitas devem ser feitas no local. As regras s\u00e3o: cada pescador poder\u00e1 entrar com quatro varas de m\u00e3o e usar apenas tr\u00eas ao mesmo tempo; a linha n\u00e3o poder ter o comprimento maior que o da vara; ser\u00e3o proibidos molinetes, carretilhas, trempa, linhada e lambada.<\/p>\n<p>&nbsp;<\/p>\n<p><strong>M\u00caS DE FESTIVIDADES<\/strong><\/p>\n<figure id=\"attachment_1178\" aria-describedby=\"caption-attachment-1178\" style=\"width: 300px\" class=\"wp-caption alignright\"><img decoding=\"async\" class=\"wp-image-1178 size-medium\" src=\"http:\/\/www.santaritadopassaquatro.sp.gov.br\/portal\/wp-content\/uploads\/2019\/04\/masters_corinthians-300x227.jpg\" alt=\"\" width=\"300\" height=\"227\" srcset=\"https:\/\/www.santaritadopassaquatro.sp.gov.br\/portal\/wp-content\/uploads\/2019\/04\/masters_corinthians-300x227.jpg 300w, https:\/\/www.santaritadopassaquatro.sp.gov.br\/portal\/wp-content\/uploads\/2019\/04\/masters_corinthians.jpg 620w\" sizes=\"(max-width: 300px) 100vw, 300px\" \/><figcaption id=\"caption-attachment-1178\" class=\"wp-caption-text\"><span style=\"font-size: 8pt; color: #999999;\"><em><strong>A equipe Master do Corinthians que est\u00e1 em Santa Rita no pr\u00f3ximo dia 26 de maio tamb\u00e9m como parte das festividades (Reprodu\u00e7\u00e3o)<\/strong><\/em><\/span><\/figcaption><\/figure>\n<p>No pr\u00f3ximo fim de semana acontecem o 3\u00ba Encontro de Ferreomodelismo, promovido em parceria com a pela Associa\u00e7\u00e3o de Ferreomodelismo, no s\u00e1bado e domingo, e 2\u00ba Encontro de Cl\u00e1ssicos e Antigos, no domingo, ambos na pra\u00e7a Poeta M\u00e1rio Mattoso (Esta\u00e7\u00e3o).<\/p>\n<p>A programa\u00e7\u00e3o continua no dia 11 de maio, s\u00e1bado, com o \u201cSabad\u00e3o Animad\u00e3o na Pra\u00e7a\u201d, evento com presta\u00e7\u00e3o de servi\u00e7os, shows, brinquedos, pipoca, algod\u00e3o doce, sorvete etc. O nome foi escolhido atrav\u00e9s de concurso nas escolas. No dia seguinte, domingo, tamb\u00e9m na Pra\u00e7a da Esta\u00e7\u00e3o, tem mais um Circo na Pra\u00e7a, com a atra\u00e7\u00e3o Containers Circus.<\/p>\n<p>De sexta a domingo, 17 a 19 de maio, acontece a 15\u00aa Exposi\u00e7\u00e3o Nacional de Orqu\u00eddeas, na EMEF Francisco Ribeiro. Promo\u00e7\u00e3o do N\u00facleo Orquid\u00f3filo Santarritense e Uni\u00e3o Nacional dos Orquid\u00f3filos.<\/p>\n<figure id=\"attachment_1335\" aria-describedby=\"caption-attachment-1335\" style=\"width: 300px\" class=\"wp-caption alignleft\"><img decoding=\"async\" class=\"wp-image-1335 size-medium\" src=\"http:\/\/www.santaritadopassaquatro.sp.gov.br\/portal\/wp-content\/uploads\/2019\/04\/containers_circus-300x200.jpg\" alt=\"\" width=\"300\" height=\"200\" srcset=\"https:\/\/www.santaritadopassaquatro.sp.gov.br\/portal\/wp-content\/uploads\/2019\/04\/containers_circus-300x200.jpg 300w, https:\/\/www.santaritadopassaquatro.sp.gov.br\/portal\/wp-content\/uploads\/2019\/04\/containers_circus-768x513.jpg 768w, https:\/\/www.santaritadopassaquatro.sp.gov.br\/portal\/wp-content\/uploads\/2019\/04\/containers_circus-1024x684.jpg 1024w\" sizes=\"(max-width: 300px) 100vw, 300px\" \/><figcaption id=\"caption-attachment-1335\" class=\"wp-caption-text\"><span style=\"font-size: 8pt; color: #999999;\"><em><strong>Containers Circus ser\u00e1 atra\u00e7\u00e3o do dia 12 de maio, em mais um Circo na Pra\u00e7a (Reprodu\u00e7\u00e3o)<\/strong><\/em><\/span><\/figcaption><\/figure>\n<p>A m\u00fasica ir\u00e1 tomar conta da Pra\u00e7a Zequinha de Abreu (Matriz) durante o mesmo fim de semana, nos dias 17 e 18 de maio, sexta-feira e s\u00e1bado, com apresenta\u00e7\u00f5es da banda Kuba Libre e o cantor L\u00e9o Moraes, com o show Som de Praia.<\/p>\n<p>Os esportes de aventura est\u00e3o na programa\u00e7\u00e3o com o 4\u00ba Desafio do Lobisomem e 1\u00ba Trekk\u00e3o, corrida e caminhada, no s\u00e1bado dia 18 de maio, no Parque Tur\u00edstico Municipal (Clube de Campo). Inscri\u00e7\u00f5es e informa\u00e7\u00f5es no site www.santaritaoutdoor.com.br.<\/p>\n<p>No domingo, 19 de maio, acontece o tradicional desfile c\u00edvico pela Avenida Severino Meirelles, com diversas institui\u00e7\u00f5es da cidade e regi\u00e3o.\u00a0 No dia do anivers\u00e1rio da cidade, 22 de maio, uma tra\u00e7\u00e3o mais do que especial, com exibi\u00e7\u00e3o da Esquadrilha da Fuma\u00e7a, \u00e0 partir das 15h30, no Centro Ol\u00edmpico.<\/p>\n<p>Craques do passado estar\u00e3o em campo no domingo, 26 de maio, em jogo beneficente entre os m\u00e1sters do Corinthians contra a Sele\u00e7\u00e3o da Cidade. A partida acontece no Campo da Cinel\u00e2ndia, \u00e0 partir das 11 horas. A ingressos ser\u00e3o trocados por alimentos n\u00e3o perec\u00edveis.<\/p>\n<p>O \u00faltimo fim de semana de comemora\u00e7\u00f5es come\u00e7a no dia 31 de maio, sexta-feira, na Esta\u00e7\u00e3o SESI de Cultura, com o espet\u00e1culo teatral Colhendo Mem\u00f3rias. \u00a0Em seguida, s\u00e1bado, \u00e0 partir das 14 horas, tem festividades no distrito de Santa Cruz da Estrela.<\/p>\n<p>&nbsp;<\/p>\n<p><strong>CONFIRA PROGRAMA\u00c7\u00c3O COMPLETA DAS ATRA\u00c7\u00d5ES EM COMEMORA\u00c7\u00c3O AOS 159 ANOS DE SANTA RITA DO PASSA QUATRO<\/strong><\/p>\n<p><strong>DIA 1\u00ba de maio (quarta-feira) \u2013 Jardim do Lago.<br \/>\n<\/strong>Torneio de Pesca &#8211; das 6h \u00a0\u00e0s 11h30.<\/p>\n<p><strong>DIA 4 de maio (s\u00e1bado) &#8211;<\/strong> <strong>Pra\u00e7a Poeta M\u00e1rio Mattoso (Esta\u00e7\u00e3o).<br \/>\n<\/strong>3\u00ba Encontro de Ferreomodelismo \u2013 10h \u00e0s 17 horas.<\/p>\n<p><strong>DIA 5 de maio (domingo) &#8211;<\/strong> <strong>Pra\u00e7a Poeta M\u00e1rio Mattoso (Esta\u00e7\u00e3o).<br \/>\n<\/strong>3\u00ba Encontro de Ferreomodelismo e 2\u00ba Encontro de Cl\u00e1ssicos Antigos &#8211;\u00a0 9h \u00e0s 16 horas.<\/p>\n<p><strong>DIA 11 de maio (s\u00e1bado)<\/strong> <strong>&#8211;<\/strong> <strong>Pra\u00e7a Poeta M\u00e1rio Mattoso (Esta\u00e7\u00e3o).<\/strong><br \/>\n\u201cSabad\u00e3o Animad\u00e3o na Pra\u00e7a\u201d, evento como presta\u00e7\u00e3o de servi\u00e7os, shows, brinquedos, pipoca, algod\u00e3o doce, sorvete etc &#8211; das 14h \u00e0s 19 horas.<\/p>\n<p><strong>DIA 12 de maio (domingo) &#8211; Pra\u00e7a Poeta M\u00e1rio Mattoso (Esta\u00e7\u00e3o).<br \/>\n<\/strong>Circo na Pra\u00e7a &#8211; Container Circus &#8211; \u00e0s 20 horas.<\/p>\n<p><strong>DIAS 17, 18 e 19 de maio (sexta-feira a domingo) EMEF Francisco Ribeiro.<br \/>\n<\/strong>15\u00aa Exposi\u00e7\u00e3o Nacional de Orqu\u00eddeas. Abertura na sexta-feira, \u00e0s 19 horas. Visita\u00e7\u00e3o p\u00fablica, s\u00e1bado, das 9h \u00e0s 22 horas, e domingo, das 8h \u00e0s 17horas.<\/p>\n<p><strong>DIA 17 de maio (sexta-feira) &#8211; Av. Severino Meirelles<\/strong> <strong>(Matriz).<br \/>\n<\/strong>Show com a Banda Kuba Libre &#8211; \u00e0s 20 horas.<\/p>\n<p><strong>DIA 18 de maio (s\u00e1bado) \u2013 Parque Tur\u00edstico Municipal<\/strong> <strong>(Clube de Campo).<br \/>\n<\/strong>4\u00ba Desafio do Lobisomem e 1\u00ba Trekk\u00e3o \u2013 inscri\u00e7\u00f5es e informa\u00e7\u00f5es no site<br \/>\nwww.santaritaoutdoor.com.br.<\/p>\n<p><strong>DIA 18 de maio (s\u00e1bado) &#8211; Av. Severino Meirelles<\/strong> <strong>(Matriz).<br \/>\n<\/strong>Show com L\u00e9o Moraes &#8211; Som de Praia &#8211; \u00e0s 20 horas.<\/p>\n<p><strong>Dia 19 de maio (domingo)<\/strong> <strong>&#8211; Av. Severino Meirelles.<br \/>\n<\/strong>Desfile C\u00edvico Militar &#8211; \u00e0 partir das 9 horas.<\/p>\n<p><strong>DIA 22 de maio \u2013 (quarta-feira) \u2013 Centro Ol\u00edmpico.<br \/>\n<\/strong>Exibi\u00e7\u00e3o da Esquadrilha da Fuma\u00e7a &#8211; \u00e0 partir das 15h30.<\/p>\n<p><strong>DIA 26 maio (domingo) \u2013 Campo da Cinel\u00e2ndia.<br \/>\n<\/strong>Futebol: Master Corinthians X Sele\u00e7\u00e3o da Cidade \u2013 \u00e0 partir das 11 horas.<\/p>\n<p><strong>DIA 31 de maio (sexta-feira) &#8211; Esta\u00e7\u00e3o SESI de Cultura<br \/>\n<\/strong>Teatro Colhendo Mem\u00f3rias &#8211; \u00e0s 19h30<\/p>\n<p><strong>DIA 1 de junho (s\u00e1bado) \u2013 Santa Cruz da Estrela<br \/>\n<\/strong>Comemora\u00e7\u00f5es no Distrito &#8211; \u00e0s 14h \u00e0s 19 horas<\/p>\n<p>&nbsp;<\/p>\n<p>&nbsp;<\/p>\n<p>&nbsp;<\/p>\n<p>&nbsp;<\/p>\n","protected":false},"excerpt":{"rendered":"<p>&nbsp; Promovidas pelo Departamento Municipal de Cultura, comemora\u00e7\u00f5es ter\u00e3o o m\u00eas todo de atra\u00e7\u00f5es diversas \u00a0 Santa Rita do Passa<\/p>\n","protected":false},"author":1,"featured_media":1334,"comment_status":"closed","ping_status":"open","sticky":false,"template":"","format":"standard","meta":{"footnotes":""},"categories":[44,52,60],"tags":[],"class_list":["post-1333","post","type-post","status-publish","format-standard","has-post-thumbnail","hentry","category-cidades","category-latest","category-turismo"],"_links":{"self":[{"href":"https:\/\/www.santaritadopassaquatro.sp.gov.br\/portal\/wp-json\/wp\/v2\/posts\/1333","targetHints":{"allow":["GET"]}}],"collection":[{"href":"https:\/\/www.santaritadopassaquatro.sp.gov.br\/portal\/wp-json\/wp\/v2\/posts"}],"about":[{"href":"https:\/\/www.santaritadopassaquatro.sp.gov.br\/portal\/wp-json\/wp\/v2\/types\/post"}],"author":[{"embeddable":true,"href":"https:\/\/www.santaritadopassaquatro.sp.gov.br\/portal\/wp-json\/wp\/v2\/users\/1"}],"replies":[{"embeddable":true,"href":"https:\/\/www.santaritadopassaquatro.sp.gov.br\/portal\/wp-json\/wp\/v2\/comments?post=1333"}],"version-history":[{"count":0,"href":"https:\/\/www.santaritadopassaquatro.sp.gov.br\/portal\/wp-json\/wp\/v2\/posts\/1333\/revisions"}],"wp:featuredmedia":[{"embeddable":true,"href":"https:\/\/www.santaritadopassaquatro.sp.gov.br\/portal\/wp-json\/wp\/v2\/media\/1334"}],"wp:attachment":[{"href":"https:\/\/www.santaritadopassaquatro.sp.gov.br\/portal\/wp-json\/wp\/v2\/media?parent=1333"}],"wp:term":[{"taxonomy":"category","embeddable":true,"href":"https:\/\/www.santaritadopassaquatro.sp.gov.br\/portal\/wp-json\/wp\/v2\/categories?post=1333"},{"taxonomy":"post_tag","embeddable":true,"href":"https:\/\/www.santaritadopassaquatro.sp.gov.br\/portal\/wp-json\/wp\/v2\/tags?post=1333"}],"curies":[{"name":"wp","href":"https:\/\/api.w.org\/{rel}","templated":true}]}}