{"id":13344,"date":"2025-12-23T13:43:07","date_gmt":"2025-12-23T16:43:07","guid":{"rendered":"https:\/\/www.santaritadopassaquatro.sp.gov.br\/portal\/?p=13344"},"modified":"2025-12-23T13:52:17","modified_gmt":"2025-12-23T16:52:17","slug":"boa-noticia-o-refis-foi-prorrogado-%f0%9f%93%a2","status":"publish","type":"post","link":"https:\/\/www.santaritadopassaquatro.sp.gov.br\/portal\/boa-noticia-o-refis-foi-prorrogado-%f0%9f%93%a2\/","title":{"rendered":"BOA NOT\u00cdCIA: O REFIS FOI PRORROGADO! \ud83d\udce2"},"content":{"rendered":"\n<p>Voc\u00ea ganhou mais tempo para regularizar seus d\u00e9bitos com o munic\u00edpio! O Programa de Recupera\u00e7\u00e3o Fiscal agora vai at\u00e9 o dia 23 de janeiro de 2026.<\/p>\n\n\n\n<p><\/p>\n\n\n\n<p>\ud83c\udd95 NOVIDADE: A partir de 02\/01\/2026, voc\u00ea tamb\u00e9m poder\u00e1 renegociar d\u00edvidas vencidas at\u00e9 31\/12\/2025. Comece o ano novo sem pend\u00eancias!<\/p>\n\n\n\n<p>Aproveite descontos de at\u00e9 100% em multas e juros para pagamentos \u00e0 vista ou em at\u00e9 3x. Tamb\u00e9m temos op\u00e7\u00f5es de parcelamento em at\u00e9 60 vezes!<\/p>\n\n\n\n<p><\/p>\n\n\n\n<p><strong>\ud83d\uddd3\ufe0f FIQUE ATENTO AO CALEND\u00c1RIO DE FINAL DE ANO:<\/strong><\/p>\n\n\n\n<p>23\/12: Atendimento das 8h \u00e0s 16h.<\/p>\n\n\n\n<p>24, 25, 31\/12 e 01\/01: FECHADO.<\/p>\n\n\n\n<p>Demais dias \u00fateis: Atendimento normal das 8h \u00e0s 17h (n\u00e3o fechamos para o almo\u00e7o).<\/p>\n\n\n\n<p><\/p>\n\n\n\n<p><strong>\ud83d\udcbb COMO ADERIR:<\/strong><\/p>\n\n\n\n<p>Pagamento \u00e0 vista \/ Consulta de d\u00e9bitos: \u27a1\ufe0f <a href=\"https:\/\/www.prefsrpq.com.br:8443\/servicosweb\/home.jsf\">https:\/\/www.prefsrpq.com.br:8443\/servicosweb\/home.jsf<\/a><\/p>\n\n\n\n<p>Simula\u00e7\u00e3o e Ades\u00e3o Online (Sistema Aprova): \u27a1\ufe0f <a href=\"https:\/\/santaritadopassaquatro.aprova.com.br\/ \">https:\/\/santaritadopassaquatro.aprova.com.br\/ <\/a>(Caminho: Procuradoria Geral \u2192 Ades\u00e3o do Refis) \u26a0\ufe0f Aten\u00e7\u00e3o: O processo digital deve ser iniciado at\u00e9 22\/01 para garantir a emiss\u00e3o e assinatura dos termos at\u00e9 o prazo final.<\/p>\n\n\n\n<p>Atendimento Presencial: \ud83d\udccd Procuradoria Geral: Rua Victor Meirelles, 109 \u2013 Centro.<\/p>\n\n\n\n<p>\ud83d\udcf2 D\u00favidas e Orienta\u00e7\u00f5es (WhatsApp exclusivo): \u27a1\ufe0f <a href=\"https:\/\/wa.me\/+551935829015\">https:\/\/wa.me\/+551935829015<\/a><\/p>\n\n\n\n<p>N\u00e3o deixe para a \u00faltima hora! Regularize sua situa\u00e7\u00e3o e contribua com o desenvolvimento da nossa Cidade Poema! \ud83d\udc9a<\/p>\n\n\n\n<p><\/p>\n","protected":false},"excerpt":{"rendered":"<p>Voc\u00ea ganhou mais tempo para regularizar seus d\u00e9bitos com o munic\u00edpio! O Programa de Recupera\u00e7\u00e3o Fiscal agora vai at\u00e9 o<\/p>\n","protected":false},"author":1,"featured_media":13346,"comment_status":"closed","ping_status":"open","sticky":false,"template":"","format":"standard","meta":{"footnotes":""},"categories":[61,48,52],"tags":[],"class_list":["post-13344","post","type-post","status-publish","format-standard","has-post-thumbnail","hentry","category-comunicados-importantes","category-featured","category-latest"],"_links":{"self":[{"href":"https:\/\/www.santaritadopassaquatro.sp.gov.br\/portal\/wp-json\/wp\/v2\/posts\/13344","targetHints":{"allow":["GET"]}}],"collection":[{"href":"https:\/\/www.santaritadopassaquatro.sp.gov.br\/portal\/wp-json\/wp\/v2\/posts"}],"about":[{"href":"https:\/\/www.santaritadopassaquatro.sp.gov.br\/portal\/wp-json\/wp\/v2\/types\/post"}],"author":[{"embeddable":true,"href":"https:\/\/www.santaritadopassaquatro.sp.gov.br\/portal\/wp-json\/wp\/v2\/users\/1"}],"replies":[{"embeddable":true,"href":"https:\/\/www.santaritadopassaquatro.sp.gov.br\/portal\/wp-json\/wp\/v2\/comments?post=13344"}],"version-history":[{"count":2,"href":"https:\/\/www.santaritadopassaquatro.sp.gov.br\/portal\/wp-json\/wp\/v2\/posts\/13344\/revisions"}],"predecessor-version":[{"id":13357,"href":"https:\/\/www.santaritadopassaquatro.sp.gov.br\/portal\/wp-json\/wp\/v2\/posts\/13344\/revisions\/13357"}],"wp:featuredmedia":[{"embeddable":true,"href":"https:\/\/www.santaritadopassaquatro.sp.gov.br\/portal\/wp-json\/wp\/v2\/media\/13346"}],"wp:attachment":[{"href":"https:\/\/www.santaritadopassaquatro.sp.gov.br\/portal\/wp-json\/wp\/v2\/media?parent=13344"}],"wp:term":[{"taxonomy":"category","embeddable":true,"href":"https:\/\/www.santaritadopassaquatro.sp.gov.br\/portal\/wp-json\/wp\/v2\/categories?post=13344"},{"taxonomy":"post_tag","embeddable":true,"href":"https:\/\/www.santaritadopassaquatro.sp.gov.br\/portal\/wp-json\/wp\/v2\/tags?post=13344"}],"curies":[{"name":"wp","href":"https:\/\/api.w.org\/{rel}","templated":true}]}}