{"id":1345,"date":"2019-05-03T13:50:55","date_gmt":"2019-05-03T16:50:55","guid":{"rendered":"http:\/\/www.santaritadopassaquatro.sp.gov.br\/portal\/?p=1345"},"modified":"2019-05-03T13:50:55","modified_gmt":"2019-05-03T16:50:55","slug":"centro-olimpico-recebe-etapa-municipal-da-mostra-de-foguetes-no-proximo-sabado","status":"publish","type":"post","link":"https:\/\/www.santaritadopassaquatro.sp.gov.br\/portal\/centro-olimpico-recebe-etapa-municipal-da-mostra-de-foguetes-no-proximo-sabado\/","title":{"rendered":"Centro Ol\u00edmpico recebe etapa municipal da Mostra de Foguetes no pr\u00f3ximo s\u00e1bado"},"content":{"rendered":"<p><strong><em>Promovido pela E.E. Nelson Fernandes, com apoio da Prefeitura Municipal, evento acontece a partir das 8 horas<\/em><\/strong><\/p>\n<p>&nbsp;<\/p>\n<figure id=\"attachment_1346\" aria-describedby=\"caption-attachment-1346\" style=\"width: 348px\" class=\"wp-caption alignleft\"><img decoding=\"async\" class=\"wp-image-1346 \" src=\"http:\/\/www.santaritadopassaquatro.sp.gov.br\/portal\/wp-content\/uploads\/2019\/05\/Mostra-foguetes_foto1-300x225.jpg\" alt=\"\" width=\"348\" height=\"254\" \/><figcaption id=\"caption-attachment-1346\" class=\"wp-caption-text\"><span style=\"font-size: 8pt; color: #999999;\"><strong>Alunos e professores com os foguetes constru\u00eddos para a etapa local da 11\u00aa Mostra Brasileira de Foguetes (Divulga\u00e7\u00e3o)<\/strong><\/span><\/figcaption><\/figure>\n<p>Santa Rita do Passa Quatro recebe no pr\u00f3ximo s\u00e1bado (11\/5) a etapa local da Mostra Brasileira de Foguetes (Mobfog). Promovido pela Escola Estadual Nelson Fernandes, o evento acontece a partir das 8 horas, no Centro Ol\u00edmpico Municipal.<\/p>\n<p>Na prova, alunos do Ensino Fundamental e M\u00e9dio ir\u00e3o lan\u00e7ar foguetes produzidos a partir de garrafas PET. Em uma das etapas, os alunos do Ensino Fundamental usam como combust\u00edvel \u00e1gua e ar pressurizado, por meio de uma bomba de encher pneu. Na outra etapa, os alunos do Ensino M\u00e9dio usam uma rea\u00e7\u00e3o qu\u00edmica atrav\u00e9s da mistura de vinagre e bicarbonato de s\u00f3dio. Os foguetes s\u00e3o lan\u00e7ados a partir de uma base com inclina\u00e7\u00e3o de aproximadamente 45\u00b0.<\/p>\n<p>&nbsp;<\/p>\n<p><strong>TRADI\u00c7\u00c3O<\/strong><\/p>\n<p>A EE Nelson Fernandes tem grande tradi\u00e7\u00e3o em participar de Olimp\u00edadas Cient\u00edficas e com muitas conquistas. Sua primeira participa\u00e7\u00e3o na Mobfog ocorreu em 2008, j\u00e1 coordenada pelos professores Antonio Ot\u00e1vio e Airton Aparecido Pellegrino. O evento ocorreu no p\u00e1tio da escola, com foguetes de garrafa PET constru\u00eddos pelos alunos, o melhor lan\u00e7amento da \u00e9poca foi 12 metros. Mesmo com a baixa dist\u00e2ncia o campeonato despertou o interesse dos alunos em pesquisar e melhorar seu desempenho na competi\u00e7\u00e3o.<\/p>\n<p>Nos anos seguintes, 2009, 2010 e 2011, o evento continuou a ser realizado nas depend\u00eancias da unidade escolar. Devido ao preparo dos alunos e a aquisi\u00e7\u00e3o de novos conhecimentos, em 2012, os professores organizaram o campeonato no Campo da Cinel\u00e2ndia, ano em que alunos do ensino m\u00e9dio conquistaram \u00edndice acima de 100 metros de dist\u00e2ncia e a equipe formada pelos alunos Gabriel Moscardini, Guilherme Augusto da Silva Roberti, Leonardo Belini e Reynaldo Donizetti Nepomucena e orientada pelo professor Antonio Otavio, foi convidada a participar da 9\u00aa Jornada de Foguetes em Barra do Pira\u00ed (RJ), e conquistou seu primeiro trof\u00e9u de campe\u00e3 brasileira.<\/p>\n<p>A partir de 2012, a EE Nelson Fernandes sempre presente na Jornada de Foguetes desenvolveu novas t\u00e9cnicas e melhorias na aerodin\u00e2mica, sempre compartilhada entre os alunos.\u00a0 E No final do ano passado, a escola foi heptacampe\u00e3 em mais uma Jornada em Barra do Pira\u00ed.<\/p>\n<p><strong>\u00a0<\/strong><\/p>\n<p>&nbsp;<\/p>\n<p>&nbsp;<\/p>\n<p>&nbsp;<\/p>\n<p>&nbsp;<\/p>\n","protected":false},"excerpt":{"rendered":"<p>Promovido pela E.E. Nelson Fernandes, com apoio da Prefeitura Municipal, evento acontece a partir das 8 horas &nbsp; Santa Rita<\/p>\n","protected":false},"author":1,"featured_media":1346,"comment_status":"closed","ping_status":"open","sticky":false,"template":"","format":"standard","meta":{"footnotes":""},"categories":[28,17],"tags":[],"class_list":["post-1345","post","type-post","status-publish","format-standard","has-post-thumbnail","hentry","category-educacao","category-technology"],"_links":{"self":[{"href":"https:\/\/www.santaritadopassaquatro.sp.gov.br\/portal\/wp-json\/wp\/v2\/posts\/1345","targetHints":{"allow":["GET"]}}],"collection":[{"href":"https:\/\/www.santaritadopassaquatro.sp.gov.br\/portal\/wp-json\/wp\/v2\/posts"}],"about":[{"href":"https:\/\/www.santaritadopassaquatro.sp.gov.br\/portal\/wp-json\/wp\/v2\/types\/post"}],"author":[{"embeddable":true,"href":"https:\/\/www.santaritadopassaquatro.sp.gov.br\/portal\/wp-json\/wp\/v2\/users\/1"}],"replies":[{"embeddable":true,"href":"https:\/\/www.santaritadopassaquatro.sp.gov.br\/portal\/wp-json\/wp\/v2\/comments?post=1345"}],"version-history":[{"count":1,"href":"https:\/\/www.santaritadopassaquatro.sp.gov.br\/portal\/wp-json\/wp\/v2\/posts\/1345\/revisions"}],"predecessor-version":[{"id":1349,"href":"https:\/\/www.santaritadopassaquatro.sp.gov.br\/portal\/wp-json\/wp\/v2\/posts\/1345\/revisions\/1349"}],"wp:featuredmedia":[{"embeddable":true,"href":"https:\/\/www.santaritadopassaquatro.sp.gov.br\/portal\/wp-json\/wp\/v2\/media\/1346"}],"wp:attachment":[{"href":"https:\/\/www.santaritadopassaquatro.sp.gov.br\/portal\/wp-json\/wp\/v2\/media?parent=1345"}],"wp:term":[{"taxonomy":"category","embeddable":true,"href":"https:\/\/www.santaritadopassaquatro.sp.gov.br\/portal\/wp-json\/wp\/v2\/categories?post=1345"},{"taxonomy":"post_tag","embeddable":true,"href":"https:\/\/www.santaritadopassaquatro.sp.gov.br\/portal\/wp-json\/wp\/v2\/tags?post=1345"}],"curies":[{"name":"wp","href":"https:\/\/api.w.org\/{rel}","templated":true}]}}