{"id":1350,"date":"2019-05-03T13:52:32","date_gmt":"2019-05-03T16:52:32","guid":{"rendered":"http:\/\/www.santaritadopassaquatro.sp.gov.br\/portal\/?p=1350"},"modified":"2019-05-03T13:52:32","modified_gmt":"2019-05-03T16:52:32","slug":"6a-feira-do-comercio-de-santa-rita-tem-data-e-local-definidos","status":"publish","type":"post","link":"https:\/\/www.santaritadopassaquatro.sp.gov.br\/portal\/6a-feira-do-comercio-de-santa-rita-tem-data-e-local-definidos\/","title":{"rendered":"6\u00aa Feira do Com\u00e9rcio de Santa Rita tem data e local definidos"},"content":{"rendered":"<p><strong><em>Evento acontece nos dias 14 e 15 de setembro, e este ano ser\u00e1 na Pra\u00e7a da Esta\u00e7\u00e3o, em fun\u00e7\u00e3o da reforma do galp\u00e3o no Clube de Campo <\/em><\/strong><\/p>\n<p>&nbsp;<\/p>\n<figure id=\"attachment_1347\" aria-describedby=\"caption-attachment-1347\" style=\"width: 300px\" class=\"wp-caption alignleft\"><img decoding=\"async\" class=\"wp-image-1347 size-medium\" src=\"http:\/\/www.santaritadopassaquatro.sp.gov.br\/portal\/wp-content\/uploads\/2019\/05\/5a_feira_comercio_publico-300x200.jpg\" alt=\"\" width=\"300\" height=\"200\" srcset=\"https:\/\/www.santaritadopassaquatro.sp.gov.br\/portal\/wp-content\/uploads\/2019\/05\/5a_feira_comercio_publico-300x200.jpg 300w, https:\/\/www.santaritadopassaquatro.sp.gov.br\/portal\/wp-content\/uploads\/2019\/05\/5a_feira_comercio_publico-768x512.jpg 768w, https:\/\/www.santaritadopassaquatro.sp.gov.br\/portal\/wp-content\/uploads\/2019\/05\/5a_feira_comercio_publico-1024x683.jpg 1024w\" sizes=\"(max-width: 300px) 100vw, 300px\" \/><figcaption id=\"caption-attachment-1347\" class=\"wp-caption-text\"><span style=\"font-size: 8pt; color: #999999;\"><em><strong>P\u00fablico tomou conta do barrac\u00e3o do Parque Tur\u00edstico, durante a 5\u00aa Feira do Com\u00e9rcio Santa-Ritense (AssCom\/Arquivo)<\/strong><\/em><\/span><\/figcaption><\/figure>\n<p>Sucesso na cidade e regi\u00e3o a Feira do Com\u00e9rcio Santa-Ritense chega a sua 6\u00aa edi\u00e7\u00e3o em 2019. Considerada uma das principais a\u00e7\u00f5es do munic\u00edpio em busca da gera\u00e7\u00e3o de emprego e renda para a popula\u00e7\u00e3o de Santa Rita do Passa Quatro, o evento est\u00e1 agendado para acontecer nos dias 14 e 15 de setembro, s\u00e1bado e domingo. A novidade deste ano ser\u00e1 a mudan\u00e7a de local, j\u00e1 que o galp\u00e3o no Parque Tur\u00edstico Municipal (Clube de Campo) est\u00e1 passando por uma revitaliza\u00e7\u00e3o, a feira de 2019 ser\u00e1 na Pra\u00e7a Poeta Mario Mattoso (Esta\u00e7\u00e3o).<\/p>\n<p>A decis\u00e3o pela data foi tomada em conjunto entre Associa\u00e7\u00e3o Comercial e Empresarial (ACE), comerciantes e o Setor Municipal de Desenvolvimento Econ\u00f4mico. Exclusivo para empreendedores de Santa Rita, o evento que re\u00fane setores do com\u00e9rcio, presta\u00e7\u00e3o de servi\u00e7os, agroneg\u00f3cio, pra\u00e7a de alimenta\u00e7\u00e3o e shows, durante todo o dia, com entrada franca. A participa\u00e7\u00e3o dos comerciantes e prestadores de servi\u00e7os \u00e9 gratuita e o per\u00edodo de inscri\u00e7\u00f5es ir\u00e1 come\u00e7ar em julho.<\/p>\n<p>Esta ser\u00e1 a 6\u00aa edi\u00e7\u00e3o do evento que faz parte do Plano de Desenvolvimento Econ\u00f4mico do Munic\u00edpio. A primeira feira aconteceu em 2014 e recebeu mais de 6 mil consumidores da cidade e da regi\u00e3o. Segunda, terceira e quarta edi\u00e7\u00f5es (2015, 2016 e 2017) receberam cerca de 10 mil visitantes cada. No ano passado, segundo a organiza\u00e7\u00e3o, 15 mil pessoas do evento. Muitos dos consumidores v\u00eam de outras cidades, como Porto Ferreira, Descalvado, Tamba\u00fa e Pirassununga, refor\u00e7ando o car\u00e1ter de incentivo ao com\u00e9rcio local.<\/p>\n<p>Em todas as edi\u00e7\u00f5es da feira, os expositores ofereceram ao p\u00fablico os mais variados tipos de produtos, em promo\u00e7\u00f5es e queima de estoque. Muitos realizaram sorteio de pr\u00eamios e brindes entre os participantes. Al\u00e9m das vendas, que superaram as expectativas, os expositores tamb\u00e9m tiveram a oportunidade de divulgar seus neg\u00f3cios.<\/p>\n<p>&nbsp;<\/p>\n<p>&nbsp;<\/p>\n<p>&nbsp;<\/p>\n<p>&nbsp;<\/p>\n<p>&nbsp;<\/p>\n<p>&nbsp;<\/p>\n","protected":false},"excerpt":{"rendered":"<p>Evento acontece nos dias 14 e 15 de setembro, e este ano ser\u00e1 na Pra\u00e7a da Esta\u00e7\u00e3o, em fun\u00e7\u00e3o da<\/p>\n","protected":false},"author":1,"featured_media":1348,"comment_status":"closed","ping_status":"open","sticky":false,"template":"","format":"standard","meta":{"footnotes":""},"categories":[47,2],"tags":[],"class_list":["post-1350","post","type-post","status-publish","format-standard","has-post-thumbnail","hentry","category-desenvovimento","category-business"],"_links":{"self":[{"href":"https:\/\/www.santaritadopassaquatro.sp.gov.br\/portal\/wp-json\/wp\/v2\/posts\/1350","targetHints":{"allow":["GET"]}}],"collection":[{"href":"https:\/\/www.santaritadopassaquatro.sp.gov.br\/portal\/wp-json\/wp\/v2\/posts"}],"about":[{"href":"https:\/\/www.santaritadopassaquatro.sp.gov.br\/portal\/wp-json\/wp\/v2\/types\/post"}],"author":[{"embeddable":true,"href":"https:\/\/www.santaritadopassaquatro.sp.gov.br\/portal\/wp-json\/wp\/v2\/users\/1"}],"replies":[{"embeddable":true,"href":"https:\/\/www.santaritadopassaquatro.sp.gov.br\/portal\/wp-json\/wp\/v2\/comments?post=1350"}],"version-history":[{"count":1,"href":"https:\/\/www.santaritadopassaquatro.sp.gov.br\/portal\/wp-json\/wp\/v2\/posts\/1350\/revisions"}],"predecessor-version":[{"id":1351,"href":"https:\/\/www.santaritadopassaquatro.sp.gov.br\/portal\/wp-json\/wp\/v2\/posts\/1350\/revisions\/1351"}],"wp:featuredmedia":[{"embeddable":true,"href":"https:\/\/www.santaritadopassaquatro.sp.gov.br\/portal\/wp-json\/wp\/v2\/media\/1348"}],"wp:attachment":[{"href":"https:\/\/www.santaritadopassaquatro.sp.gov.br\/portal\/wp-json\/wp\/v2\/media?parent=1350"}],"wp:term":[{"taxonomy":"category","embeddable":true,"href":"https:\/\/www.santaritadopassaquatro.sp.gov.br\/portal\/wp-json\/wp\/v2\/categories?post=1350"},{"taxonomy":"post_tag","embeddable":true,"href":"https:\/\/www.santaritadopassaquatro.sp.gov.br\/portal\/wp-json\/wp\/v2\/tags?post=1350"}],"curies":[{"name":"wp","href":"https:\/\/api.w.org\/{rel}","templated":true}]}}