{"id":13500,"date":"2026-02-24T15:04:57","date_gmt":"2026-02-24T18:04:57","guid":{"rendered":"https:\/\/www.santaritadopassaquatro.sp.gov.br\/portal\/?p=13500"},"modified":"2026-02-24T15:04:58","modified_gmt":"2026-02-24T18:04:58","slug":"educacao-ambiental-comeca-na-infancia-%e2%99%bb%ef%b8%8f%f0%9f%8c%b1","status":"publish","type":"post","link":"https:\/\/www.santaritadopassaquatro.sp.gov.br\/portal\/educacao-ambiental-comeca-na-infancia-%e2%99%bb%ef%b8%8f%f0%9f%8c%b1\/","title":{"rendered":"Educa\u00e7\u00e3o Ambiental come\u00e7a na inf\u00e2ncia! \u267b\ufe0f\ud83c\udf31"},"content":{"rendered":"\n<p>No dia 12 de fevereiro, os alunos das creches \u201cCamila de Lellis Sereguetti\u201d e \u201cAssumpta Piovato Missiato\u201d participaram de uma a\u00e7\u00e3o especial voltada \u00e0 conscientiza\u00e7\u00e3o ambiental, com foco na import\u00e2ncia da reciclagem.<\/p>\n\n\n\n<p>A atividade foi desenvolvida pelos colaboradores do Departamento de Agricultura e Meio Ambiente, que prepararam um momento educativo, din\u00e2mico e cheio de aprendizado para as crian\u00e7as.<\/p>\n\n\n\n<p>A programa\u00e7\u00e3o contou com uma animada conta\u00e7\u00e3o de hist\u00f3ria, abordando de forma l\u00fadica e acess\u00edvel o cuidado com o meio ambiente, despertando nos pequenos a curiosidade e o senso de responsabilidade desde cedo. Por meio dos personagens e situa\u00e7\u00f5es do dia a dia, as crian\u00e7as puderam compreender como atitudes simples fazem toda a diferen\u00e7a para o nosso planeta.<\/p>\n\n\n\n<p>Em seguida, foi realizada uma din\u00e2mica interativa, onde os alunos participaram ativamente, aprendendo a identificar e separar corretamente os materiais recicl\u00e1veis. De maneira divertida e educativa, eles colocaram a \u201cm\u00e3o na massa\u201d, refor\u00e7ando o aprendizado e desenvolvendo h\u00e1bitos sustent\u00e1veis.<\/p>\n\n\n\n<p>A\u00e7\u00f5es como essa s\u00e3o fundamentais para formar cidad\u00e3os mais conscientes, respons\u00e1veis e comprometidos com a preserva\u00e7\u00e3o ambiental. Investir na educa\u00e7\u00e3o ambiental nas creches \u00e9 plantar sementes que dar\u00e3o frutos no futuro \ud83c\udf0e\ud83d\udc9a<\/p>\n\n\n\n<p>Parab\u00e9ns a todos os envolvidos por proporcionarem um momento de aprendizado t\u00e3o significativo para nossas crian\u00e7as<\/p>\n\n\n\n<figure class=\"wp-block-gallery has-nested-images columns-default is-cropped wp-block-gallery-1 is-layout-flex wp-block-gallery-is-layout-flex\">\n<figure class=\"wp-block-image size-large\"><img decoding=\"async\" width=\"1280\" height=\"1600\" data-id=\"13501\" src=\"https:\/\/www.santaritadopassaquatro.sp.gov.br\/portal\/wp-content\/uploads\/2026\/02\/01.jpeg\" alt=\"\" class=\"wp-image-13501\"\/><\/figure>\n\n\n\n<figure class=\"wp-block-image size-large\"><img decoding=\"async\" width=\"1280\" height=\"1600\" data-id=\"13503\" src=\"https:\/\/www.santaritadopassaquatro.sp.gov.br\/portal\/wp-content\/uploads\/2026\/02\/02.jpeg\" alt=\"\" class=\"wp-image-13503\"\/><\/figure>\n\n\n\n<figure class=\"wp-block-image size-large\"><img decoding=\"async\" width=\"1280\" height=\"1600\" data-id=\"13504\" src=\"https:\/\/www.santaritadopassaquatro.sp.gov.br\/portal\/wp-content\/uploads\/2026\/02\/03.jpeg\" alt=\"\" class=\"wp-image-13504\"\/><\/figure>\n\n\n\n<figure class=\"wp-block-image size-large\"><img decoding=\"async\" width=\"1280\" height=\"1600\" data-id=\"13505\" src=\"https:\/\/www.santaritadopassaquatro.sp.gov.br\/portal\/wp-content\/uploads\/2026\/02\/04.jpeg\" alt=\"\" class=\"wp-image-13505\"\/><\/figure>\n\n\n\n<figure class=\"wp-block-image size-large\"><img decoding=\"async\" width=\"1280\" height=\"1600\" data-id=\"13502\" src=\"https:\/\/www.santaritadopassaquatro.sp.gov.br\/portal\/wp-content\/uploads\/2026\/02\/05.jpeg\" alt=\"\" class=\"wp-image-13502\"\/><\/figure>\n\n\n\n<figure class=\"wp-block-image size-large\"><img decoding=\"async\" width=\"1280\" height=\"1600\" data-id=\"13506\" src=\"https:\/\/www.santaritadopassaquatro.sp.gov.br\/portal\/wp-content\/uploads\/2026\/02\/06.jpeg\" alt=\"\" class=\"wp-image-13506\"\/><\/figure>\n<\/figure>\n","protected":false},"excerpt":{"rendered":"<p>No dia 12 de fevereiro, os alunos das creches \u201cCamila de Lellis Sereguetti\u201d e \u201cAssumpta Piovato Missiato\u201d participaram de uma<\/p>\n","protected":false},"author":1,"featured_media":0,"comment_status":"closed","ping_status":"open","sticky":false,"template":"","format":"standard","meta":{"footnotes":""},"categories":[53],"tags":[],"class_list":["post-13500","post","type-post","status-publish","format-standard","hentry","category-meio-ambiente"],"_links":{"self":[{"href":"https:\/\/www.santaritadopassaquatro.sp.gov.br\/portal\/wp-json\/wp\/v2\/posts\/13500","targetHints":{"allow":["GET"]}}],"collection":[{"href":"https:\/\/www.santaritadopassaquatro.sp.gov.br\/portal\/wp-json\/wp\/v2\/posts"}],"about":[{"href":"https:\/\/www.santaritadopassaquatro.sp.gov.br\/portal\/wp-json\/wp\/v2\/types\/post"}],"author":[{"embeddable":true,"href":"https:\/\/www.santaritadopassaquatro.sp.gov.br\/portal\/wp-json\/wp\/v2\/users\/1"}],"replies":[{"embeddable":true,"href":"https:\/\/www.santaritadopassaquatro.sp.gov.br\/portal\/wp-json\/wp\/v2\/comments?post=13500"}],"version-history":[{"count":1,"href":"https:\/\/www.santaritadopassaquatro.sp.gov.br\/portal\/wp-json\/wp\/v2\/posts\/13500\/revisions"}],"predecessor-version":[{"id":13507,"href":"https:\/\/www.santaritadopassaquatro.sp.gov.br\/portal\/wp-json\/wp\/v2\/posts\/13500\/revisions\/13507"}],"wp:attachment":[{"href":"https:\/\/www.santaritadopassaquatro.sp.gov.br\/portal\/wp-json\/wp\/v2\/media?parent=13500"}],"wp:term":[{"taxonomy":"category","embeddable":true,"href":"https:\/\/www.santaritadopassaquatro.sp.gov.br\/portal\/wp-json\/wp\/v2\/categories?post=13500"},{"taxonomy":"post_tag","embeddable":true,"href":"https:\/\/www.santaritadopassaquatro.sp.gov.br\/portal\/wp-json\/wp\/v2\/tags?post=13500"}],"curies":[{"name":"wp","href":"https:\/\/api.w.org\/{rel}","templated":true}]}}