{"id":13538,"date":"2026-03-10T09:40:34","date_gmt":"2026-03-10T12:40:34","guid":{"rendered":"https:\/\/www.santaritadopassaquatro.sp.gov.br\/portal\/?p=13538"},"modified":"2026-03-10T09:40:35","modified_gmt":"2026-03-10T12:40:35","slug":"educacao-ambiental-desde-a-primeira-infancia","status":"publish","type":"post","link":"https:\/\/www.santaritadopassaquatro.sp.gov.br\/portal\/educacao-ambiental-desde-a-primeira-infancia\/","title":{"rendered":"Educa\u00e7\u00e3o Ambiental desde a primeira inf\u00e2ncia!"},"content":{"rendered":"\n<p>Durante os meses de fevereiro e mar\u00e7o, os colaboradores do Departamento de Agricultura e Meio Ambiente realizaram uma atividade especial de educa\u00e7\u00e3o ambiental nas creches municipais \u201cAna Mardegan Scorsolini\u201d, \u201cLaura Suriani Barbuio\u201d, \u201cRomilda Am\u00e9lia Vicheti Beltrame\u201d e \u201cAntonia Gusman Scorsolini\u201d.<\/p>\n\n\n\n<p>A a\u00e7\u00e3o foi desenvolvida com os alunos do Maternal II, levando aprendizado de forma leve, divertida e cheia de imagina\u00e7\u00e3o. Por meio de conta\u00e7\u00e3o de hist\u00f3rias e brincadeiras l\u00fadicas, as crian\u00e7as puderam aprender sobre a import\u00e2ncia da reciclagem, do cuidado com o meio ambiente e de pequenas atitudes que ajudam a preservar a natureza. \ud83c\udf0e\ud83d\udc9a<\/p>\n\n\n\n<p>Durante a atividade, os pequenos participaram ativamente, interagindo com a hist\u00f3ria e aprendendo, de maneira simples e acess\u00edvel, como separar corretamente os res\u00edduos e como cada pessoa pode contribuir para um planeta mais limpo e sustent\u00e1vel.<\/p>\n\n\n\n<p>Iniciativas como essa mostram que a conscientiza\u00e7\u00e3o ambiental come\u00e7a desde cedo, formando cidad\u00e3os mais respons\u00e1veis e comprometidos com o futuro do nosso planeta. \ud83c\udf3f<\/p>\n\n\n\n<p>O Departamento de Agricultura e Meio Ambiente segue trabalhando para levar conhecimento, conscientiza\u00e7\u00e3o e pr\u00e1ticas sustent\u00e1veis para toda a comunidade, come\u00e7ando pelas nossas crian\u00e7as. \ud83d\udc67\ud83e\uddd2\u2728<\/p>\n\n\n\n<figure class=\"wp-block-gallery has-nested-images columns-default is-cropped wp-block-gallery-1 is-layout-flex wp-block-gallery-is-layout-flex\">\n<figure class=\"wp-block-image size-large\"><img decoding=\"async\" width=\"1280\" height=\"1600\" data-id=\"13539\" src=\"https:\/\/www.santaritadopassaquatro.sp.gov.br\/portal\/wp-content\/uploads\/2026\/03\/WhatsApp-Image-2026-03-10-at-08.27.57-2.jpeg\" alt=\"\" class=\"wp-image-13539\"\/><\/figure>\n\n\n\n<figure class=\"wp-block-image size-large\"><img decoding=\"async\" width=\"1280\" height=\"1600\" data-id=\"13540\" src=\"https:\/\/www.santaritadopassaquatro.sp.gov.br\/portal\/wp-content\/uploads\/2026\/03\/WhatsApp-Image-2026-03-10-at-08.27.57.jpeg\" alt=\"\" class=\"wp-image-13540\"\/><\/figure>\n\n\n\n<figure class=\"wp-block-image size-large\"><img decoding=\"async\" width=\"1280\" height=\"1600\" data-id=\"13542\" src=\"https:\/\/www.santaritadopassaquatro.sp.gov.br\/portal\/wp-content\/uploads\/2026\/03\/WhatsApp-Image-2026-03-10-at-08.27.58-1.jpeg\" alt=\"\" class=\"wp-image-13542\"\/><\/figure>\n\n\n\n<figure class=\"wp-block-image size-large\"><img decoding=\"async\" width=\"1280\" height=\"1600\" data-id=\"13544\" src=\"https:\/\/www.santaritadopassaquatro.sp.gov.br\/portal\/wp-content\/uploads\/2026\/03\/WhatsApp-Image-2026-03-10-at-08.27.58-2.jpeg\" alt=\"\" class=\"wp-image-13544\"\/><\/figure>\n\n\n\n<figure class=\"wp-block-image size-large\"><img decoding=\"async\" width=\"1280\" height=\"1600\" data-id=\"13541\" src=\"https:\/\/www.santaritadopassaquatro.sp.gov.br\/portal\/wp-content\/uploads\/2026\/03\/WhatsApp-Image-2026-03-10-at-08.27.58-3.jpeg\" alt=\"\" class=\"wp-image-13541\"\/><\/figure>\n\n\n\n<figure class=\"wp-block-image size-large\"><img decoding=\"async\" width=\"1280\" height=\"1600\" data-id=\"13543\" src=\"https:\/\/www.santaritadopassaquatro.sp.gov.br\/portal\/wp-content\/uploads\/2026\/03\/WhatsApp-Image-2026-03-10-at-08.27.58-4.jpeg\" alt=\"\" class=\"wp-image-13543\"\/><\/figure>\n\n\n\n<figure class=\"wp-block-image size-large\"><img decoding=\"async\" width=\"1280\" height=\"1600\" data-id=\"13546\" src=\"https:\/\/www.santaritadopassaquatro.sp.gov.br\/portal\/wp-content\/uploads\/2026\/03\/WhatsApp-Image-2026-03-10-at-08.27.58.jpeg\" alt=\"\" class=\"wp-image-13546\"\/><\/figure>\n\n\n\n<figure class=\"wp-block-image size-large\"><img decoding=\"async\" width=\"1280\" height=\"1600\" data-id=\"13545\" src=\"https:\/\/www.santaritadopassaquatro.sp.gov.br\/portal\/wp-content\/uploads\/2026\/03\/WhatsApp-Image-2026-03-10-at-08.27.59-1.jpeg\" alt=\"\" class=\"wp-image-13545\"\/><\/figure>\n\n\n\n<figure class=\"wp-block-image size-large\"><img decoding=\"async\" width=\"1280\" height=\"1600\" data-id=\"13547\" src=\"https:\/\/www.santaritadopassaquatro.sp.gov.br\/portal\/wp-content\/uploads\/2026\/03\/WhatsApp-Image-2026-03-10-at-08.27.59.jpeg\" alt=\"\" class=\"wp-image-13547\"\/><\/figure>\n<\/figure>\n","protected":false},"excerpt":{"rendered":"<p>Durante os meses de fevereiro e mar\u00e7o, os colaboradores do Departamento de Agricultura e Meio Ambiente realizaram uma atividade especial<\/p>\n","protected":false},"author":1,"featured_media":13548,"comment_status":"closed","ping_status":"open","sticky":false,"template":"","format":"standard","meta":{"footnotes":""},"categories":[53],"tags":[],"class_list":["post-13538","post","type-post","status-publish","format-standard","has-post-thumbnail","hentry","category-meio-ambiente"],"_links":{"self":[{"href":"https:\/\/www.santaritadopassaquatro.sp.gov.br\/portal\/wp-json\/wp\/v2\/posts\/13538","targetHints":{"allow":["GET"]}}],"collection":[{"href":"https:\/\/www.santaritadopassaquatro.sp.gov.br\/portal\/wp-json\/wp\/v2\/posts"}],"about":[{"href":"https:\/\/www.santaritadopassaquatro.sp.gov.br\/portal\/wp-json\/wp\/v2\/types\/post"}],"author":[{"embeddable":true,"href":"https:\/\/www.santaritadopassaquatro.sp.gov.br\/portal\/wp-json\/wp\/v2\/users\/1"}],"replies":[{"embeddable":true,"href":"https:\/\/www.santaritadopassaquatro.sp.gov.br\/portal\/wp-json\/wp\/v2\/comments?post=13538"}],"version-history":[{"count":1,"href":"https:\/\/www.santaritadopassaquatro.sp.gov.br\/portal\/wp-json\/wp\/v2\/posts\/13538\/revisions"}],"predecessor-version":[{"id":13549,"href":"https:\/\/www.santaritadopassaquatro.sp.gov.br\/portal\/wp-json\/wp\/v2\/posts\/13538\/revisions\/13549"}],"wp:featuredmedia":[{"embeddable":true,"href":"https:\/\/www.santaritadopassaquatro.sp.gov.br\/portal\/wp-json\/wp\/v2\/media\/13548"}],"wp:attachment":[{"href":"https:\/\/www.santaritadopassaquatro.sp.gov.br\/portal\/wp-json\/wp\/v2\/media?parent=13538"}],"wp:term":[{"taxonomy":"category","embeddable":true,"href":"https:\/\/www.santaritadopassaquatro.sp.gov.br\/portal\/wp-json\/wp\/v2\/categories?post=13538"},{"taxonomy":"post_tag","embeddable":true,"href":"https:\/\/www.santaritadopassaquatro.sp.gov.br\/portal\/wp-json\/wp\/v2\/tags?post=13538"}],"curies":[{"name":"wp","href":"https:\/\/api.w.org\/{rel}","templated":true}]}}