{"id":1354,"date":"2019-05-03T13:57:54","date_gmt":"2019-05-03T16:57:54","guid":{"rendered":"http:\/\/www.santaritadopassaquatro.sp.gov.br\/portal\/?p=1354"},"modified":"2019-05-03T13:57:54","modified_gmt":"2019-05-03T16:57:54","slug":"santa-rita-159-anos-torneio-de-pesca-movimentou-o-jardim-do-lago-durante-o-feriado","status":"publish","type":"post","link":"https:\/\/www.santaritadopassaquatro.sp.gov.br\/portal\/santa-rita-159-anos-torneio-de-pesca-movimentou-o-jardim-do-lago-durante-o-feriado\/","title":{"rendered":"SANTA RITA 159 ANOS:\u00a0Torneio de Pesca movimentou o Jardim do Lago durante o feriado"},"content":{"rendered":"<p><strong><em>Promovido pelo Departamento Municipal de Esportes e Lazer, competi\u00e7\u00e3o reuniu pescadores de todas as idade com premia\u00e7\u00f5es <\/em><\/strong><\/p>\n<p><strong>\u00a0<\/strong><\/p>\n<figure id=\"attachment_1355\" aria-describedby=\"caption-attachment-1355\" style=\"width: 300px\" class=\"wp-caption alignleft\"><img decoding=\"async\" class=\"wp-image-1355 size-medium\" src=\"http:\/\/www.santaritadopassaquatro.sp.gov.br\/portal\/wp-content\/uploads\/2019\/05\/pesca_lago02-300x200.jpg\" alt=\"\" width=\"300\" height=\"200\" srcset=\"https:\/\/www.santaritadopassaquatro.sp.gov.br\/portal\/wp-content\/uploads\/2019\/05\/pesca_lago02-300x200.jpg 300w, https:\/\/www.santaritadopassaquatro.sp.gov.br\/portal\/wp-content\/uploads\/2019\/05\/pesca_lago02-768x512.jpg 768w, https:\/\/www.santaritadopassaquatro.sp.gov.br\/portal\/wp-content\/uploads\/2019\/05\/pesca_lago02-1024x683.jpg 1024w\" sizes=\"(max-width: 300px) 100vw, 300px\" \/><figcaption id=\"caption-attachment-1355\" class=\"wp-caption-text\"><span style=\"font-size: 8pt; color: #999999;\"><em><strong>A equipe que organizou a competi\u00e7\u00e3o no Jardim do Lago neste 1\u00ba de maio, Dia do Trabalho (AssCom\/Divulga\u00e7\u00e3o)<\/strong><\/em><\/span><\/figcaption><\/figure>\n<p>A primeira atividade em comemora\u00e7\u00e3o ao anivers\u00e1rio de 159 anos Santa Rita do Passa Quatro aconteceu na \u00faltima quarta-feira, 1\u00ba de maio, feriado do Dia do Trabalhador, com Torneio de Pesca no Jardim do Lago.<\/p>\n<p>Durante toda manh\u00e3 pescadores de todas as idades participaram da competi\u00e7\u00e3o promovida pelo Departamento Municipal de Esportes e Lazer. Foram premiados o pescador mais idoso, o senhor Jos\u00e9 Perussi, de 89 anos de idade; o pescador mais novo, Davi Fel\u00edcio Zanata, morador de Santa Cruz das Palmeiras, com 7 anos de idade; maior n\u00famero de peixes pescados, para Jair Sargiane, com 67 peixes; o maior peixe, pescado por Jerfferson Barioni, com 35 cent\u00edmetros; menor peixe, pescado por Waldomiro Batista, com apenas 3 cent\u00edmetros; e maior fam\u00edlia pesando unida, com Israel, T\u00e2nia, Beatriz e Alcino.<\/p>\n<figure id=\"attachment_1357\" aria-describedby=\"caption-attachment-1357\" style=\"width: 300px\" class=\"wp-caption alignright\"><img decoding=\"async\" class=\"wp-image-1357 size-medium\" src=\"http:\/\/www.santaritadopassaquatro.sp.gov.br\/portal\/wp-content\/uploads\/2019\/05\/pesca_lago03-300x200.jpg\" alt=\"\" width=\"300\" height=\"200\" srcset=\"https:\/\/www.santaritadopassaquatro.sp.gov.br\/portal\/wp-content\/uploads\/2019\/05\/pesca_lago03-300x200.jpg 300w, https:\/\/www.santaritadopassaquatro.sp.gov.br\/portal\/wp-content\/uploads\/2019\/05\/pesca_lago03-768x512.jpg 768w, https:\/\/www.santaritadopassaquatro.sp.gov.br\/portal\/wp-content\/uploads\/2019\/05\/pesca_lago03-1024x683.jpg 1024w\" sizes=\"(max-width: 300px) 100vw, 300px\" \/><figcaption id=\"caption-attachment-1357\" class=\"wp-caption-text\"><span style=\"font-size: 8pt; color: #999999;\"><strong><em>O prefeito entregando trof\u00e9u a um dos premiados do dia (AssCom\/Divulga\u00e7\u00e3o)<\/em><\/strong><\/span><\/figcaption><\/figure>\n<p>O prefeito Leandro Luciano dos Santos esteve no evento e fez entrega dos trof\u00e9us junto com a equipe do DME, que organizou o evento. \u201cDessa forma hoje iniciamos as comemora\u00e7\u00f5es dos 159 anos da nossa maravilhosa Santa Rita do Passa Quatro! Nesse 1\u00ba de maio, Dia do Trabalho, cumprimentamos todos os trabalhadores e registramos nossos agradecimentos aos servidores p\u00fablicos municipais, que contribuem, com suas atividades, para deixar a nossa cidade sempre limpa e organizada\u201d, disse o prefeito.<\/p>\n<p>&nbsp;<\/p>\n<p>&nbsp;<\/p>\n<p>&nbsp;<\/p>\n","protected":false},"excerpt":{"rendered":"<p>Promovido pelo Departamento Municipal de Esportes e Lazer, competi\u00e7\u00e3o reuniu pescadores de todas as idade com premia\u00e7\u00f5es \u00a0 A primeira<\/p>\n","protected":false},"author":1,"featured_media":1356,"comment_status":"closed","ping_status":"open","sticky":false,"template":"","format":"standard","meta":{"footnotes":""},"categories":[44,51,60],"tags":[],"class_list":["post-1354","post","type-post","status-publish","format-standard","has-post-thumbnail","hentry","category-cidades","category-sports","category-turismo"],"_links":{"self":[{"href":"https:\/\/www.santaritadopassaquatro.sp.gov.br\/portal\/wp-json\/wp\/v2\/posts\/1354","targetHints":{"allow":["GET"]}}],"collection":[{"href":"https:\/\/www.santaritadopassaquatro.sp.gov.br\/portal\/wp-json\/wp\/v2\/posts"}],"about":[{"href":"https:\/\/www.santaritadopassaquatro.sp.gov.br\/portal\/wp-json\/wp\/v2\/types\/post"}],"author":[{"embeddable":true,"href":"https:\/\/www.santaritadopassaquatro.sp.gov.br\/portal\/wp-json\/wp\/v2\/users\/1"}],"replies":[{"embeddable":true,"href":"https:\/\/www.santaritadopassaquatro.sp.gov.br\/portal\/wp-json\/wp\/v2\/comments?post=1354"}],"version-history":[{"count":0,"href":"https:\/\/www.santaritadopassaquatro.sp.gov.br\/portal\/wp-json\/wp\/v2\/posts\/1354\/revisions"}],"wp:featuredmedia":[{"embeddable":true,"href":"https:\/\/www.santaritadopassaquatro.sp.gov.br\/portal\/wp-json\/wp\/v2\/media\/1356"}],"wp:attachment":[{"href":"https:\/\/www.santaritadopassaquatro.sp.gov.br\/portal\/wp-json\/wp\/v2\/media?parent=1354"}],"wp:term":[{"taxonomy":"category","embeddable":true,"href":"https:\/\/www.santaritadopassaquatro.sp.gov.br\/portal\/wp-json\/wp\/v2\/categories?post=1354"},{"taxonomy":"post_tag","embeddable":true,"href":"https:\/\/www.santaritadopassaquatro.sp.gov.br\/portal\/wp-json\/wp\/v2\/tags?post=1354"}],"curies":[{"name":"wp","href":"https:\/\/api.w.org\/{rel}","templated":true}]}}